{"id":99714,"date":"2021-07-08T05:36:13","date_gmt":"2021-07-08T05:36:13","guid":{"rendered":"https:\/\/notitodo.com.mx\/wp\/?p=99714"},"modified":"2021-07-14T05:49:05","modified_gmt":"2021-07-14T05:49:05","slug":"imparte-instituto-de-las-mujeres-conferencia-sobre-preparacion-para-la-menopausia","status":"publish","type":"post","link":"https:\/\/notitodo.com.mx\/wp\/imparte-instituto-de-las-mujeres-conferencia-sobre-preparacion-para-la-menopausia\/","title":{"rendered":"Imparte Instituto de las Mujeres conferencia sobre preparaci\u00f3n para la menopausia"},"content":{"rendered":"<p>El Gobierno Municipal, a trav\u00e9s del Instituto Municipal de las Mujeres (IMM) en conjunto con el Comit\u00e9 de Salud de Index impartieron la conferencia \u201cC\u00f3mo prepararse para la menopausia\u201d como parte de las actividades del programa \u201c1, 2, 3 De la Salud de la Mujer\u201d en un esfuerzo conjunto para informar y orientar en el cuidado y prevenci\u00f3n de distintas enfermedades.<!--more--><\/p>\n<p>La pl\u00e1tica fue impartida v\u00eda Zoom por Armando El\u00edas Delgado Delgado, m\u00e9dico del Hospital \u00c1ngeles, con intervenci\u00f3n del doctor David Guevara Peters, director de Salud en Index.<\/p>\n<p>Durante la sesi\u00f3n, los especialistas abordaron temas de relevancia en la prevenci\u00f3n de los s\u00edntomas que se viven durante la etapa de la menopausia, tales como llevar una alimentaci\u00f3n balanceada, evitar el consumo de tabaco y alcohol, contar con las vacunas correspondientes y realizar revisiones m\u00e9dicas de manera peri\u00f3dica, entre otras recomendaciones.<\/p>\n<p>El ciclo de conferencias continuar\u00e1 con las pl\u00e1ticas \u201cLactancia materna\u201d, llev\u00e1ndose a cabo el pr\u00f3ximo martes 03 de agosto a las 9:30 horas y \u201cSalud reproductiva\u201d el martes 07 de septiembre a las 9:30 horas.<\/p>\n<p>Las personas interesadas podr\u00e1n registrarse en el enlace https:\/\/forms.gle\/rsC8KDJZSpxYGZxD7.<\/p>\n<p>Para m\u00e1s informaci\u00f3n sobre horarios y programas del Instituto Municipal de las Mujeres, comunicarse al 072 extensi\u00f3n 2604 o a trav\u00e9s de la p\u00e1gina de Facebook https:\/\/www.facebook.com\/www.immujereschihuahua.org\/.<\/p>\n","protected":false},"excerpt":{"rendered":"<p>El Gobierno Municipal, a trav\u00e9s del Instituto Municipal de las Mujeres (IMM) en conjunto con el Comit\u00e9 de Salud de Index impartieron la conferencia \u201cC\u00f3mo prepararse para la menopausia\u201d como parte de las actividades del programa \u201c1, 2, 3 De la Salud de la Mujer\u201d en un esfuerzo conjunto para informar y orientar en el [&hellip;]<\/p>\n","protected":false},"author":12,"featured_media":99716,"comment_status":"closed","ping_status":"open","sticky":false,"template":"","format":"standard","meta":{"footnotes":""},"categories":[9],"tags":[],"class_list":["post-99714","post","type-post","status-publish","format-standard","has-post-thumbnail","hentry","category-locales"],"views":25,"_links":{"self":[{"href":"https:\/\/notitodo.com.mx\/wp\/wp-json\/wp\/v2\/posts\/99714","targetHints":{"allow":["GET"]}}],"collection":[{"href":"https:\/\/notitodo.com.mx\/wp\/wp-json\/wp\/v2\/posts"}],"about":[{"href":"https:\/\/notitodo.com.mx\/wp\/wp-json\/wp\/v2\/types\/post"}],"author":[{"embeddable":true,"href":"https:\/\/notitodo.com.mx\/wp\/wp-json\/wp\/v2\/users\/12"}],"replies":[{"embeddable":true,"href":"https:\/\/notitodo.com.mx\/wp\/wp-json\/wp\/v2\/comments?post=99714"}],"version-history":[{"count":1,"href":"https:\/\/notitodo.com.mx\/wp\/wp-json\/wp\/v2\/posts\/99714\/revisions"}],"predecessor-version":[{"id":99717,"href":"https:\/\/notitodo.com.mx\/wp\/wp-json\/wp\/v2\/posts\/99714\/revisions\/99717"}],"wp:featuredmedia":[{"embeddable":true,"href":"https:\/\/notitodo.com.mx\/wp\/wp-json\/wp\/v2\/media\/99716"}],"wp:attachment":[{"href":"https:\/\/notitodo.com.mx\/wp\/wp-json\/wp\/v2\/media?parent=99714"}],"wp:term":[{"taxonomy":"category","embeddable":true,"href":"https:\/\/notitodo.com.mx\/wp\/wp-json\/wp\/v2\/categories?post=99714"},{"taxonomy":"post_tag","embeddable":true,"href":"https:\/\/notitodo.com.mx\/wp\/wp-json\/wp\/v2\/tags?post=99714"}],"curies":[{"name":"wp","href":"https:\/\/api.w.org\/{rel}","templated":true}]}}