{"id":99684,"date":"2021-07-08T04:39:03","date_gmt":"2021-07-08T04:39:03","guid":{"rendered":"https:\/\/notitodo.com.mx\/wp\/?p=99684"},"modified":"2021-07-08T04:39:03","modified_gmt":"2021-07-08T04:39:03","slug":"realiza-seech-semana-de-capacitacion-para-docentes-de-secundarias-tecnicas","status":"publish","type":"post","link":"https:\/\/notitodo.com.mx\/wp\/realiza-seech-semana-de-capacitacion-para-docentes-de-secundarias-tecnicas\/","title":{"rendered":"Realiza Seech semana de capacitaci\u00f3n para docentes  de secundarias t\u00e9cnicas"},"content":{"rendered":"<p>Con el objetivo de actualizar y mejorar las habilidades de su planta docente, Servicios Educativos del Estado de Chihuahua (Seech) lleva a cabo cursos virtuales, para el profesorado de las escuelas secundarias t\u00e9cnicas en el territorio estatal.<\/p>\n<p><!--more--><\/p>\n<p>Las jornadas de capacitaci\u00f3n iniciaron el 6 de julio y concluir\u00e1n el 10, a trav\u00e9s de plataformas como Zoom y Google Meet.<\/p>\n<p>Maestras y maestros pueden tomar uno o varios de los talleres programados, entre los que destacan Google Workspace, Word Wall y Neardpod.<\/p>\n<p>Adem\u00e1s se ofrecen capacitaciones enfocadas a atender situaciones emocionales del alumnado y del personal, con temas como \u201cDepresi\u00f3n en ni\u00f1as, ni\u00f1os y adolescentes\u201d, \u201cAbordaje del duelo en ni\u00f1as, ni\u00f1os y adolescentes\u201d, \u201cRetos de los docentes en la pandemia\u201d, y \u201cEl regreso a clases: mitos y realidades de la pandemia\u201d.<\/p>\n<p>Mediante el manejo y dominio de estos aspectos, el personal docente y directivo de las secundarias t\u00e9cnicas podr\u00e1 hacer un uso m\u00e1s efectivo y productivo de las herramientas digitales disponibles, y manejar adecuadamente las cuestiones emocionales.<\/p>\n<p>La instrucci\u00f3n tecnol\u00f3gica les permitir\u00e1 hacer clases m\u00e1s din\u00e1micas, l\u00fadicas e interactivas para sus estudiantes, as\u00ed como evaluar casi de inmediato el avance acad\u00e9mico.<\/p>\n<p>Esta semana de capacitaci\u00f3n es organizada por el Departamento de Secundarias T\u00e9cnicas, dirigida no solo a docentes sino a personal directivo, de supervisi\u00f3n, y de jefaturas de Ense\u00f1anza en esta modalidad educativa.<\/p>\n","protected":false},"excerpt":{"rendered":"<p>Con el objetivo de actualizar y mejorar las habilidades de su planta docente, Servicios Educativos del Estado de Chihuahua (Seech) lleva a cabo cursos virtuales, para el profesorado de las escuelas secundarias t\u00e9cnicas en el territorio estatal.<\/p>\n","protected":false},"author":12,"featured_media":99686,"comment_status":"closed","ping_status":"open","sticky":false,"template":"","format":"standard","meta":{"footnotes":""},"categories":[7],"tags":[],"class_list":["post-99684","post","type-post","status-publish","format-standard","has-post-thumbnail","hentry","category-estatales"],"views":51,"_links":{"self":[{"href":"https:\/\/notitodo.com.mx\/wp\/wp-json\/wp\/v2\/posts\/99684","targetHints":{"allow":["GET"]}}],"collection":[{"href":"https:\/\/notitodo.com.mx\/wp\/wp-json\/wp\/v2\/posts"}],"about":[{"href":"https:\/\/notitodo.com.mx\/wp\/wp-json\/wp\/v2\/types\/post"}],"author":[{"embeddable":true,"href":"https:\/\/notitodo.com.mx\/wp\/wp-json\/wp\/v2\/users\/12"}],"replies":[{"embeddable":true,"href":"https:\/\/notitodo.com.mx\/wp\/wp-json\/wp\/v2\/comments?post=99684"}],"version-history":[{"count":1,"href":"https:\/\/notitodo.com.mx\/wp\/wp-json\/wp\/v2\/posts\/99684\/revisions"}],"predecessor-version":[{"id":99687,"href":"https:\/\/notitodo.com.mx\/wp\/wp-json\/wp\/v2\/posts\/99684\/revisions\/99687"}],"wp:featuredmedia":[{"embeddable":true,"href":"https:\/\/notitodo.com.mx\/wp\/wp-json\/wp\/v2\/media\/99686"}],"wp:attachment":[{"href":"https:\/\/notitodo.com.mx\/wp\/wp-json\/wp\/v2\/media?parent=99684"}],"wp:term":[{"taxonomy":"category","embeddable":true,"href":"https:\/\/notitodo.com.mx\/wp\/wp-json\/wp\/v2\/categories?post=99684"},{"taxonomy":"post_tag","embeddable":true,"href":"https:\/\/notitodo.com.mx\/wp\/wp-json\/wp\/v2\/tags?post=99684"}],"curies":[{"name":"wp","href":"https:\/\/api.w.org\/{rel}","templated":true}]}}