{"id":99675,"date":"2021-07-08T04:37:40","date_gmt":"2021-07-08T04:37:40","guid":{"rendered":"https:\/\/notitodo.com.mx\/wp\/?p=99675"},"modified":"2021-07-08T04:37:40","modified_gmt":"2021-07-08T04:37:40","slug":"sigue-maraton-de-obras-2021-entrega-gobierno-del-estado-la-libreria-enrique-servin","status":"publish","type":"post","link":"https:\/\/notitodo.com.mx\/wp\/sigue-maraton-de-obras-2021-entrega-gobierno-del-estado-la-libreria-enrique-servin\/","title":{"rendered":"Sigue Marat\u00f3n de Obras 2021: Entrega Gobierno del Estado la Librer\u00eda \u201cEnrique Serv\u00edn\u201d"},"content":{"rendered":"<p>El coordinador ejecutivo de Gabinete, Jes\u00fas Mesta Fitzmaurice y la secretaria de Cultura, Mar\u00eda Concepci\u00f3n Landa Garc\u00eda T\u00e9llez, entregaron a nombre del gobernador Javier Corral Jurado, la Librer\u00eda dedicada en homenaje al escritor y poeta Enrique Serv\u00edn, en la ciudad de Chihuahua.<br \/>\n<!--more--><\/p>\n<p>En el marco del Marat\u00f3n de Obras 2021, se entrega esta segunda librer\u00eda en un esfuerzo conjunto con Educal y el Fondo de Cultura Econ\u00f3mica del Gobierno Federal, la primera se ubica en el Centro Cultural Paso del Norte, en Ciudad Ju\u00e1rez, dedicada a la poeta ral\u00e1muli Dolores Batista.<\/p>\n<p>En el corte del list\u00f3n inaugural, fueron acompa\u00f1ados por la presidenta del Congreso del Estado, diputada Blanca G\u00e1mez.<\/p>\n<p>Encargada de dar la bienvenida a la nueva librer\u00eda \u201cEnrique Serv\u00edn Herrera\u201d Educal, del Fondo de Cultura Econ\u00f3mica, la secretaria de Cultura, Concepci\u00f3n Landa, se\u00f1al\u00f3 que desde el inicio de esta administraci\u00f3n sab\u00edan que hacer de Chihuahua un estado de personas lectoras, era una de las prioridades.<\/p>\n<p>\u201cEsto lo impuls\u00f3, lo comparti\u00f3 entusiastamente y lo empuj\u00f3 el gobernador Javier Corral, a qui\u00e9n le doy las gracias porque siempre crey\u00f3 que era un proyecto fundamental para el estado de Chihuahua\u201d, se\u00f1al\u00f3 la secretaria.<\/p>\n<p>Consider\u00f3 que a tan s\u00f3lo corto tiempo para que culmine la administraci\u00f3n, \u201cestamos satisfechos y orgullosos del gran trabajo y de los logros alcanzados a favor del fomento a la lectura, con el equipo encabezado por Ra\u00fal Manr\u00edquez y Erwin Lim\u00f3n, quienes contribuyeron a lograr lo que nunca antes en Chihuahua se hab\u00eda realizado\u201d.<\/p>\n<p>Se\u00f1al\u00f3 que en 2017, cuando se realiz\u00f3 un sondeo de investigaci\u00f3n sobre los h\u00e1bitos de lectura en el estado, como parte del Plan de Fomento a la Lectura, al Libro ya la Escritura, uno de los datos m\u00e1s preocupantes fue la falta de acceso a materiales de lectura, es decir, a la escasa cantidad de librer\u00edas existentes, ya que en todo Chihuahua hab\u00eda solamente nueve librer\u00edas.<\/p>\n<p>Agreg\u00f3 que aunque no se tienen todav\u00eda no resultados finales de un segundo diagn\u00f3stico sobre los datos lectores en Chihuahua, \u201csi podemos asegurar que las nuevas cifras que nos arroje van a ser muy alentadoras, hemos superado nuestras expectativas hasta ahorita\u201d.<\/p>\n<p>Adem\u00e1s de expresar la satisfacci\u00f3n de contar con la segunda librer\u00eda Educal en el estado, Concepci\u00f3n Landa comparti\u00f3: \u201cnos enorgullece enormemente que lleve el nombre de qui\u00e9n fue por mucho, una de las personas que m\u00e1s trabaj\u00f3 y se esforz\u00f3 por hacer de la lectura un derecho para todas las personas, en especial la lectura y la escritura en lenguas originarias\u201d.<\/p>\n<p>Abund\u00f3 que esto parece f\u00e1cil, pero \u201cgracias al trabajo de Enrique tenemos una ortograf\u00eda ral\u00e1muli (rar\u00e1muri), cosa que no exist\u00eda y entonces, este que era un idioma oral, que no pod\u00eda ser le\u00eddo, con su trabajo se publicaron una enorme cantidad de primeros materiales en lengua ral\u00e1muli\u201d.<\/p>\n<p>Se\u00f1al\u00f3 que Enrique Serv\u00edn Herrera, quien fuera escritor, poeta, traductor, incansable promotor de los derechos de los pueblos ind\u00edgenas, ense\u00f1\u00f3 con su gran ejemplo de humildad y sencillez, a poner el coraz\u00f3n en el servicio p\u00fablico.<\/p>\n<p>A su vez, en representaci\u00f3n del gobernador Javier Corral Jurado, el coordinador Ejecutivo de Gabinete, Jes\u00fas Mesta Fitzmaurice, comparti\u00f3 el mensaje del mandatario:<\/p>\n<p>&#8211;\u201cSentir placer me da saber que estamos en la inauguraci\u00f3n de esta librer\u00eda, en el marco de nuestro Marat\u00f3n de Obras. Esta es la segunda, la primera la inauguramos la semana pasada en Ciudad Ju\u00e1rez. Nos da mucha ilusi\u00f3n que podamos dejar a las y los chihuahuenses, espacios que les permitan encontrarse con el libro y con la lectura.<\/p>\n<p>Ello, continu\u00f3, contribuye de manera directa a uno de los objetivos que nos planteamos al inicio de esta administraci\u00f3n, que fue combatir el rezago en los h\u00e1bitos de lectura y mejorar el acceso a una mayor cantidad de materiales literarios diversos.<\/p>\n<p>Hacerlo adem\u00e1s, agreg\u00f3, de la de la mano de instituciones c\u00f3mo Educal y el Fondo de Cultura Econ\u00f3mica, nos genera entusiasmo porque son instituciones de enorme prestigio y peso en el mundo editorial, claves para la difusi\u00f3n cultural a trav\u00e9s de la editorializaci\u00f3n, producci\u00f3n, comercializaci\u00f3n y promoci\u00f3n de obras, tanto de la cultura nacional como universal, as\u00ed que estamos en extraordinarias manos.<\/p>\n<p>Al concluir el mensaje del gobernador, Jes\u00fas Mesta se\u00f1al\u00f3 que el titular del ejecutivo es un convencido de las bondades de la lectura como factor esencial para el acceso a la cultura, para el desarrollo social y humano de las personas, que tiene m\u00faltiples beneficios: despierta la curiosidad, estimula la imaginaci\u00f3n, enriquece el vocabulario, mejora la ortograf\u00eda, entre muchas otras cosas.<\/p>\n<p>Agreg\u00f3 que \u201cla lectura posibilita una sociedad m\u00e1s informada, esencia vital para el fortalecimiento de la democracia; un pueblo que lee, es uno que abre sus perspectivas del mundo, es un pueblo que conoce y logra el empoderamiento de sus derechos, es un pueblo que demanda pero que tambi\u00e9n participa, es un pueblo que delibera y que aprende a reconocerse en la pluralidad\u201d.<\/p>\n<p>Inform\u00f3 que para la apertura de esta librer\u00eda, junto con la Dolores Batista en Ciudad Ju\u00e1rez, se realiz\u00f3 una inversi\u00f3n estatal de 2 millones 400 mil pesos para su instalaci\u00f3n y equipamientos.<\/p>\n<p>Comparti\u00f3 tambi\u00e9n el homenaje que con esta librer\u00eda se hace al maestro Enrique Alberto Serv\u00edn Herrera, \u201cuna persona prodigiosa cuya trayectoria dej\u00f3 honda huella en la cultura de Chihuahua, pues dedic\u00f3 su vida y obra al estudio, rescate y difusi\u00f3n de las lenguas ind\u00edgenas del estado y nos queda para siempre y para el mundo su maravillosa obra.<\/p>\n<p>\u201cPero adem\u00e1s de todo, no pod\u00eda ser de otro modo, fue un lector empedernido cuyo bagaje cultural e intelectual quedaba descubierto en cualquier pl\u00e1tica, porque fue siempre un difusor cultural que jam\u00e1s dud\u00f3 en compartir su amplio conocimiento\u201d, se\u00f1al\u00f3.<\/p>\n","protected":false},"excerpt":{"rendered":"<p>El coordinador ejecutivo de Gabinete, Jes\u00fas Mesta Fitzmaurice y la secretaria de Cultura, Mar\u00eda Concepci\u00f3n Landa Garc\u00eda T\u00e9llez, entregaron a nombre del gobernador Javier Corral Jurado, la Librer\u00eda dedicada en homenaje al escritor y poeta Enrique Serv\u00edn, en la ciudad de Chihuahua.<\/p>\n","protected":false},"author":12,"featured_media":99677,"comment_status":"closed","ping_status":"open","sticky":false,"template":"","format":"standard","meta":{"footnotes":""},"categories":[7],"tags":[],"class_list":["post-99675","post","type-post","status-publish","format-standard","has-post-thumbnail","hentry","category-estatales"],"views":36,"_links":{"self":[{"href":"https:\/\/notitodo.com.mx\/wp\/wp-json\/wp\/v2\/posts\/99675","targetHints":{"allow":["GET"]}}],"collection":[{"href":"https:\/\/notitodo.com.mx\/wp\/wp-json\/wp\/v2\/posts"}],"about":[{"href":"https:\/\/notitodo.com.mx\/wp\/wp-json\/wp\/v2\/types\/post"}],"author":[{"embeddable":true,"href":"https:\/\/notitodo.com.mx\/wp\/wp-json\/wp\/v2\/users\/12"}],"replies":[{"embeddable":true,"href":"https:\/\/notitodo.com.mx\/wp\/wp-json\/wp\/v2\/comments?post=99675"}],"version-history":[{"count":2,"href":"https:\/\/notitodo.com.mx\/wp\/wp-json\/wp\/v2\/posts\/99675\/revisions"}],"predecessor-version":[{"id":99679,"href":"https:\/\/notitodo.com.mx\/wp\/wp-json\/wp\/v2\/posts\/99675\/revisions\/99679"}],"wp:featuredmedia":[{"embeddable":true,"href":"https:\/\/notitodo.com.mx\/wp\/wp-json\/wp\/v2\/media\/99677"}],"wp:attachment":[{"href":"https:\/\/notitodo.com.mx\/wp\/wp-json\/wp\/v2\/media?parent=99675"}],"wp:term":[{"taxonomy":"category","embeddable":true,"href":"https:\/\/notitodo.com.mx\/wp\/wp-json\/wp\/v2\/categories?post=99675"},{"taxonomy":"post_tag","embeddable":true,"href":"https:\/\/notitodo.com.mx\/wp\/wp-json\/wp\/v2\/tags?post=99675"}],"curies":[{"name":"wp","href":"https:\/\/api.w.org\/{rel}","templated":true}]}}