{"id":99566,"date":"2021-07-02T03:40:20","date_gmt":"2021-07-02T03:40:20","guid":{"rendered":"https:\/\/notitodo.com.mx\/wp\/?p=99566"},"modified":"2021-07-08T03:41:08","modified_gmt":"2021-07-08T03:41:08","slug":"capacita-instituto-municipal-de-las-mujeres-a-docentes-de-la-unam","status":"publish","type":"post","link":"https:\/\/notitodo.com.mx\/wp\/capacita-instituto-municipal-de-las-mujeres-a-docentes-de-la-unam\/","title":{"rendered":"Capacita Instituto Municipal de las Mujeres a docentes de la UNAM"},"content":{"rendered":"<p>El Gobierno Municipal, a trav\u00e9s del Instituto Municipal de las Mujeres (IMM), finaliz\u00f3 la serie de talleres \u201cLenguaje Incluyente y no discriminatorio\u201d impartidos a personal docente de la Direcci\u00f3n General de C\u00f3mputo de Tecnolog\u00edas de Informaci\u00f3n y Comunicaci\u00f3n (DGTIC) de la Universidad Nacional Aut\u00f3noma de M\u00e9xico (UNAM).<\/p>\n<p><!--more--><\/p>\n<p>Los talleres contaron con la participaci\u00f3n de 106 personas, comprendiendo seis sesiones que fueron impartidas v\u00eda Zoom de manera te\u00f3rico-pr\u00e1ctica, donde las y los participantes recibieron informaci\u00f3n para la utilizaci\u00f3n del lenguaje como socializador de g\u00e9nero en un marco de igualdad, adquiriendo herramientas para su aplicaci\u00f3n en el \u00e1mbito institucional.<\/p>\n<p>El objetivo de las sesiones es abordar conceptos b\u00e1sicos de g\u00e9nero y recomendaciones para un uso del lenguaje que promueva la igualdad y no discriminaci\u00f3n, adem\u00e1s de poder identificar pr\u00e1cticas sexistas y discriminatorias en los mensajes orales, escritos y visuales.<\/p>\n<p>Las capacitaciones fueron gestionadas por la jefa del departamento de Evaluaci\u00f3n de Servicios de Capacitaci\u00f3n en TIC, Semiramis Zald\u00edvar, que apoy\u00f3 en los seminarios \u201cABC de G\u00e9nero\u201d.<\/p>\n<p>Esta actividad forma parte del trabajo permanente del IMM para promover una cultura de igualdad y respeto a la dignidad humana, buscando impactar a su vez en la disminuci\u00f3n de toda forma de violencia y discriminaci\u00f3n hacia mujeres, ni\u00f1as y adolescentes.<\/p>\n","protected":false},"excerpt":{"rendered":"<p>El Gobierno Municipal, a trav\u00e9s del Instituto Municipal de las Mujeres (IMM), finaliz\u00f3 la serie de talleres \u201cLenguaje Incluyente y no discriminatorio\u201d impartidos a personal docente de la Direcci\u00f3n General de C\u00f3mputo de Tecnolog\u00edas de Informaci\u00f3n y Comunicaci\u00f3n (DGTIC) de la Universidad Nacional Aut\u00f3noma de M\u00e9xico (UNAM).<\/p>\n","protected":false},"author":12,"featured_media":99568,"comment_status":"closed","ping_status":"open","sticky":false,"template":"","format":"standard","meta":{"footnotes":""},"categories":[9],"tags":[],"class_list":["post-99566","post","type-post","status-publish","format-standard","has-post-thumbnail","hentry","category-locales"],"views":13,"_links":{"self":[{"href":"https:\/\/notitodo.com.mx\/wp\/wp-json\/wp\/v2\/posts\/99566","targetHints":{"allow":["GET"]}}],"collection":[{"href":"https:\/\/notitodo.com.mx\/wp\/wp-json\/wp\/v2\/posts"}],"about":[{"href":"https:\/\/notitodo.com.mx\/wp\/wp-json\/wp\/v2\/types\/post"}],"author":[{"embeddable":true,"href":"https:\/\/notitodo.com.mx\/wp\/wp-json\/wp\/v2\/users\/12"}],"replies":[{"embeddable":true,"href":"https:\/\/notitodo.com.mx\/wp\/wp-json\/wp\/v2\/comments?post=99566"}],"version-history":[{"count":1,"href":"https:\/\/notitodo.com.mx\/wp\/wp-json\/wp\/v2\/posts\/99566\/revisions"}],"predecessor-version":[{"id":99569,"href":"https:\/\/notitodo.com.mx\/wp\/wp-json\/wp\/v2\/posts\/99566\/revisions\/99569"}],"wp:featuredmedia":[{"embeddable":true,"href":"https:\/\/notitodo.com.mx\/wp\/wp-json\/wp\/v2\/media\/99568"}],"wp:attachment":[{"href":"https:\/\/notitodo.com.mx\/wp\/wp-json\/wp\/v2\/media?parent=99566"}],"wp:term":[{"taxonomy":"category","embeddable":true,"href":"https:\/\/notitodo.com.mx\/wp\/wp-json\/wp\/v2\/categories?post=99566"},{"taxonomy":"post_tag","embeddable":true,"href":"https:\/\/notitodo.com.mx\/wp\/wp-json\/wp\/v2\/tags?post=99566"}],"curies":[{"name":"wp","href":"https:\/\/api.w.org\/{rel}","templated":true}]}}