{"id":99479,"date":"2021-07-01T02:46:33","date_gmt":"2021-07-01T02:46:33","guid":{"rendered":"https:\/\/notitodo.com.mx\/wp\/?p=99479"},"modified":"2021-07-08T02:47:16","modified_gmt":"2021-07-08T02:47:16","slug":"beneficiadas-45-escuelas-con-programa-juntos-una-mejor-escuela-realiza-alcaldesa-entrega-simbolica","status":"publish","type":"post","link":"https:\/\/notitodo.com.mx\/wp\/beneficiadas-45-escuelas-con-programa-juntos-una-mejor-escuela-realiza-alcaldesa-entrega-simbolica\/","title":{"rendered":"Beneficiadas 45 escuelas con programa Juntos Una mejor Escuela; realiza Alcaldesa entrega simb\u00f3lica"},"content":{"rendered":"<p>Mar\u00eda Ang\u00e9lica Granados Trespalacios, presidenta municipal, encabez\u00f3 la entrega simb\u00f3lica de apoyos econ\u00f3micos a 45 instituciones educativas beneficiadas a trav\u00e9s del programa \u201cJuntos Una Mejor Escuela\u201d, el cual tiene el fin de mejorar la infraestructura de los planteles.<br \/>\n<!--more--><\/p>\n<p>Con una inversi\u00f3n de 5 millones 322 mil 315 pesos, se beneficiar\u00e1 a 12,618 alumnos de los 45 planteles educativos de nivel b\u00e1sico y medio superior.<\/p>\n<p>La Alcaldesa mencion\u00f3 que este programa busca garantizar instalaciones m\u00e1s dignas y mejor equipadas para un desarrollo integral de los alumnos, docentes y familias, cuyo espacio es importante por el tiempo que se pasa en ellos.<\/p>\n<p>Asimismo, destac\u00f3 que brindar de herramientas y mejores espacios al sector educativo, genera un impacto positivo a la ciudad, por los conocimientos y educaci\u00f3n que reciben los alumnos en estas instituciones.<\/p>\n<p>Por su parte, Ram\u00f3n Ch\u00e1vez Prieto, director de Desarrollo Humano y Educaci\u00f3n, explic\u00f3 que, del recurso entregado a las escuelas, el Gobierno Municipal aporta un 75 por ciento y un 25 por ciento lo da la sociedad de padres de familia y\/o direcci\u00f3n de la escuela.<\/p>\n<p>Adem\u00e1s, mencion\u00f3 que este apoyo ayudar\u00e1 a mejorar la infraestructura de los planteles, ya que una vez que el sem\u00e1foro epidemiol\u00f3gico por el COVID permita las clases presenciales, los alumnos y docentes contar\u00e1n con espacios funcionales para su educaci\u00f3n.<\/p>\n<p>Rita Rodr\u00edguez, directora Secundaria Federal #4, reconoci\u00f3 a la administraci\u00f3n municipal, ya que ha sido la que m\u00e1s ha respaldado al sector educativo en estos a\u00f1os, por lo cual agradeci\u00f3 el apoyo recibido con este programa.<\/p>\n","protected":false},"excerpt":{"rendered":"<p>Mar\u00eda Ang\u00e9lica Granados Trespalacios, presidenta municipal, encabez\u00f3 la entrega simb\u00f3lica de apoyos econ\u00f3micos a 45 instituciones educativas beneficiadas a trav\u00e9s del programa \u201cJuntos Una Mejor Escuela\u201d, el cual tiene el fin de mejorar la infraestructura de los planteles.<\/p>\n","protected":false},"author":12,"featured_media":99481,"comment_status":"closed","ping_status":"open","sticky":false,"template":"","format":"standard","meta":{"footnotes":""},"categories":[9],"tags":[],"class_list":["post-99479","post","type-post","status-publish","format-standard","has-post-thumbnail","hentry","category-locales"],"views":28,"_links":{"self":[{"href":"https:\/\/notitodo.com.mx\/wp\/wp-json\/wp\/v2\/posts\/99479","targetHints":{"allow":["GET"]}}],"collection":[{"href":"https:\/\/notitodo.com.mx\/wp\/wp-json\/wp\/v2\/posts"}],"about":[{"href":"https:\/\/notitodo.com.mx\/wp\/wp-json\/wp\/v2\/types\/post"}],"author":[{"embeddable":true,"href":"https:\/\/notitodo.com.mx\/wp\/wp-json\/wp\/v2\/users\/12"}],"replies":[{"embeddable":true,"href":"https:\/\/notitodo.com.mx\/wp\/wp-json\/wp\/v2\/comments?post=99479"}],"version-history":[{"count":1,"href":"https:\/\/notitodo.com.mx\/wp\/wp-json\/wp\/v2\/posts\/99479\/revisions"}],"predecessor-version":[{"id":99482,"href":"https:\/\/notitodo.com.mx\/wp\/wp-json\/wp\/v2\/posts\/99479\/revisions\/99482"}],"wp:featuredmedia":[{"embeddable":true,"href":"https:\/\/notitodo.com.mx\/wp\/wp-json\/wp\/v2\/media\/99481"}],"wp:attachment":[{"href":"https:\/\/notitodo.com.mx\/wp\/wp-json\/wp\/v2\/media?parent=99479"}],"wp:term":[{"taxonomy":"category","embeddable":true,"href":"https:\/\/notitodo.com.mx\/wp\/wp-json\/wp\/v2\/categories?post=99479"},{"taxonomy":"post_tag","embeddable":true,"href":"https:\/\/notitodo.com.mx\/wp\/wp-json\/wp\/v2\/tags?post=99479"}],"curies":[{"name":"wp","href":"https:\/\/api.w.org\/{rel}","templated":true}]}}