{"id":99090,"date":"2021-06-24T06:27:51","date_gmt":"2021-06-24T06:27:51","guid":{"rendered":"https:\/\/notitodo.com.mx\/wp\/?p=99090"},"modified":"2021-06-24T06:27:51","modified_gmt":"2021-06-24T06:27:51","slug":"firma-convenio-dif-municipal-con-fundacion-cima-para-donar-tratamientos-a-personas-con-cancer","status":"publish","type":"post","link":"https:\/\/notitodo.com.mx\/wp\/firma-convenio-dif-municipal-con-fundacion-cima-para-donar-tratamientos-a-personas-con-cancer\/","title":{"rendered":"Firma convenio DIF Municipal con Fundaci\u00f3n CIMA para donar tratamientos a personas con c\u00e1ncer"},"content":{"rendered":"<p>Con el objetivo de becar y respaldar a las personas con c\u00e1ncer, el Gobierno Municipal a trav\u00e9s del DIF, firm\u00f3 un convenio con Fundaci\u00f3n CIMA, esto con la finalidad de donar tratamientos a 13 personas con distintos tipos de c\u00e1ncer en situaci\u00f3n vulnerable, quienes recibir\u00e1n tratamientos de radiaci\u00f3n con tecnolog\u00eda de \u00faltima generaci\u00f3n, estudios de diagn\u00f3stico y colocaci\u00f3n de cat\u00e9teres, de manera gratuita.<br \/>\n<!--more--><\/p>\n<p>La directora de DIF Municipal, Thelma Rivero Espinoza, y la titular de Fundaci\u00f3n CIMA Chihuahua A.C, Thelma Carolina Manzano Trevizo, firmaron el convenio con una aportaci\u00f3n 250 mil pesos para las becas.<\/p>\n<p>Dicho convenio se suma al trabajo que se realiza de forma diaria en apoyo a cientos de personas a trav\u00e9s programas de asistencia social, tratamientos oncol\u00f3gicos, as\u00ed como seguimiento y cuidados generales de pacientes afectados por tumores malignos.<\/p>\n<p>Los gastos de atenci\u00f3n para un paciente con c\u00e1ncer son elevados debido a la hospitalizaci\u00f3n, medicamentos, quimioterapias y radicaci\u00f3n, dependiendo del nivel en que se encuentre la enfermedad.<\/p>\n<p>Cabe se\u00f1alar que en Chihuahua los principales tipos de c\u00e1ncer son por tumores malignos que atacan principalmente los bronquios y pulmones, c\u00e1ncer de mama y de col\u00f3n.<\/p>\n<p>El DIF Municipal promueve e impulsa la calidad de vida entre los ciudadanos, teniendo en cuenta el aspecto de salud como el principal factor para cumplir con el desarrollo, estabilidad econ\u00f3mica e integraci\u00f3n de las familias.<\/p>\n","protected":false},"excerpt":{"rendered":"<p>Con el objetivo de becar y respaldar a las personas con c\u00e1ncer, el Gobierno Municipal a trav\u00e9s del DIF, firm\u00f3 un convenio con Fundaci\u00f3n CIMA, esto con la finalidad de donar tratamientos a 13 personas con distintos tipos de c\u00e1ncer en situaci\u00f3n vulnerable, quienes recibir\u00e1n tratamientos de radiaci\u00f3n con tecnolog\u00eda de \u00faltima generaci\u00f3n, estudios de [&hellip;]<\/p>\n","protected":false},"author":12,"featured_media":99092,"comment_status":"closed","ping_status":"open","sticky":false,"template":"","format":"standard","meta":{"footnotes":""},"categories":[9],"tags":[],"class_list":["post-99090","post","type-post","status-publish","format-standard","has-post-thumbnail","hentry","category-locales"],"views":26,"_links":{"self":[{"href":"https:\/\/notitodo.com.mx\/wp\/wp-json\/wp\/v2\/posts\/99090","targetHints":{"allow":["GET"]}}],"collection":[{"href":"https:\/\/notitodo.com.mx\/wp\/wp-json\/wp\/v2\/posts"}],"about":[{"href":"https:\/\/notitodo.com.mx\/wp\/wp-json\/wp\/v2\/types\/post"}],"author":[{"embeddable":true,"href":"https:\/\/notitodo.com.mx\/wp\/wp-json\/wp\/v2\/users\/12"}],"replies":[{"embeddable":true,"href":"https:\/\/notitodo.com.mx\/wp\/wp-json\/wp\/v2\/comments?post=99090"}],"version-history":[{"count":1,"href":"https:\/\/notitodo.com.mx\/wp\/wp-json\/wp\/v2\/posts\/99090\/revisions"}],"predecessor-version":[{"id":99093,"href":"https:\/\/notitodo.com.mx\/wp\/wp-json\/wp\/v2\/posts\/99090\/revisions\/99093"}],"wp:featuredmedia":[{"embeddable":true,"href":"https:\/\/notitodo.com.mx\/wp\/wp-json\/wp\/v2\/media\/99092"}],"wp:attachment":[{"href":"https:\/\/notitodo.com.mx\/wp\/wp-json\/wp\/v2\/media?parent=99090"}],"wp:term":[{"taxonomy":"category","embeddable":true,"href":"https:\/\/notitodo.com.mx\/wp\/wp-json\/wp\/v2\/categories?post=99090"},{"taxonomy":"post_tag","embeddable":true,"href":"https:\/\/notitodo.com.mx\/wp\/wp-json\/wp\/v2\/tags?post=99090"}],"curies":[{"name":"wp","href":"https:\/\/api.w.org\/{rel}","templated":true}]}}