{"id":96922,"date":"2021-03-19T07:46:24","date_gmt":"2021-03-19T07:46:24","guid":{"rendered":"https:\/\/notitodo.com.mx\/wp\/?p=96922"},"modified":"2021-03-19T07:46:24","modified_gmt":"2021-03-19T07:46:24","slug":"alistan-reforma-a-carta-magna-por-ley-electrica-lopez-obrador-adelanta-acciones","status":"publish","type":"post","link":"https:\/\/notitodo.com.mx\/wp\/alistan-reforma-a-carta-magna-por-ley-electrica-lopez-obrador-adelanta-acciones\/","title":{"rendered":"Alistan reforma a Carta Magna por ley el\u00e9ctrica; L\u00f3pez Obrador adelanta acciones"},"content":{"rendered":"<p>los jueces determinan que la nueva Ley de la Industria El\u00e9ctrica (LIE) es inconstitucional, el presidente Andr\u00e9s Manuel L\u00f3pez Obrador enviar\u00e1 una iniciativa para reformar la Carta Magna y que el tema pueda avanzar.<\/p>\n<p>Luego de que dos jueces otorgaron suspensiones provisionales contra la reforma el\u00e9ctrica, el titular del Ejecutivo federal dijo que no ser\u00e1 c\u00f3mplice de intereses contrarios al pueblo de M\u00e9xico.<\/p>\n<p>\u201cM\u00e1s vale que se vayan acostumbrando porque somos muy perseverantes. \u00bfQu\u00e9 va a pasar si declaran inconstitucional la ley? Va la reforma a la Constituci\u00f3n; necesitamos dos terceras partes (en el Congreso) para que se<\/p>\n<p><!--more--><\/p>\n<p>apruebe, pero que decida el pueblo\u201d, indic\u00f3.<\/p>\n<p>Sostuvo que para mantener el precio de los combustibles deben entrar en vigor los cambios a la LIE, pues de lo contrario \u201cvamos a pagar muy caro\u201d no haber tomado las decisiones que requiere el pa\u00eds. Revel\u00f3 que algunas firmas energ\u00e9ticas se han acercado a su gobierno para renegociar contratos, pero adelant\u00f3 que \u201ctiene que haber descuentos\u201d para llegar a un acuerdo equilibrado.<\/p>\n<p>Presidente anticipa contrarreforma el\u00e9ctrica<\/p>\n<p>Si la actual modificaci\u00f3n es declarada inconstitucional, se plantear\u00e1 una reforma a la Carta Magna, afirma L\u00f3pez Obrador.<\/p>\n<p>Playvolume00:00\/03:43TruvidfullScreen<br \/>\nEn caso de que los cambios a la Ley de la Industria El\u00e9ctrica sean declarados inconstitucionales por el Poder Judicial de la Federaci\u00f3n \u201cvendr\u00e1 una contrarreforma\u201d, advirti\u00f3 el presidente Andr\u00e9s Manuel L\u00f3pez Obrador.<\/p>\n<p>Frente al c\u00famulo de suspensiones provisionales que retrasan temporalmente la entrada en vigor de las modificaciones a la Ley de la Industria El\u00e9ctrica, con las que la Comisi\u00f3n Federal de Electricidad (CFE) tendr\u00e1 mano en la producci\u00f3n de energ\u00eda, el mandatario sostuvo que no ser\u00e1 c\u00f3mplice de intereses creados y contrarios al pueblo de M\u00e9xico debido a que \u201clos malandros fif\u00eds\u201d s\u00f3lo buscan conservar sus privilegios y ni siquiera pagar por el servicio de luz.<\/p>\n<p>\u201cM\u00e1s vale que se vayan acostumbrando, porque nosotros somos muy perseverantes. \u00bfQu\u00e9 va a pasar si declaran inconstitucional la ley? Va la reforma a la Constituci\u00f3n; que necesitamos dos terceras partes para que se apruebe una reforma constitucional, pero que lo decida el pueblo; adem\u00e1s, qu\u00e9 bien que vienen elecciones, porque por eso ellos est\u00e1n apostando a que no tengamos mayor\u00eda en la C\u00e1mara de Diputados para seguir manteniendo privilegios y el r\u00e9gimen de corrupci\u00f3n\u201d, sentenci\u00f3 fuente. excelsior<\/p>\n","protected":false},"excerpt":{"rendered":"<p>los jueces determinan que la nueva Ley de la Industria El\u00e9ctrica (LIE) es inconstitucional, el presidente Andr\u00e9s Manuel L\u00f3pez Obrador enviar\u00e1 una iniciativa para reformar la Carta Magna y que el tema pueda avanzar. Luego de que dos jueces otorgaron suspensiones provisionales contra la reforma el\u00e9ctrica, el titular del Ejecutivo federal dijo que no ser\u00e1 [&hellip;]<\/p>\n","protected":false},"author":5,"featured_media":96924,"comment_status":"closed","ping_status":"open","sticky":false,"template":"","format":"standard","meta":{"footnotes":""},"categories":[6],"tags":[],"class_list":["post-96922","post","type-post","status-publish","format-standard","has-post-thumbnail","hentry","category-nacionales"],"views":19,"_links":{"self":[{"href":"https:\/\/notitodo.com.mx\/wp\/wp-json\/wp\/v2\/posts\/96922","targetHints":{"allow":["GET"]}}],"collection":[{"href":"https:\/\/notitodo.com.mx\/wp\/wp-json\/wp\/v2\/posts"}],"about":[{"href":"https:\/\/notitodo.com.mx\/wp\/wp-json\/wp\/v2\/types\/post"}],"author":[{"embeddable":true,"href":"https:\/\/notitodo.com.mx\/wp\/wp-json\/wp\/v2\/users\/5"}],"replies":[{"embeddable":true,"href":"https:\/\/notitodo.com.mx\/wp\/wp-json\/wp\/v2\/comments?post=96922"}],"version-history":[{"count":1,"href":"https:\/\/notitodo.com.mx\/wp\/wp-json\/wp\/v2\/posts\/96922\/revisions"}],"predecessor-version":[{"id":96925,"href":"https:\/\/notitodo.com.mx\/wp\/wp-json\/wp\/v2\/posts\/96922\/revisions\/96925"}],"wp:featuredmedia":[{"embeddable":true,"href":"https:\/\/notitodo.com.mx\/wp\/wp-json\/wp\/v2\/media\/96924"}],"wp:attachment":[{"href":"https:\/\/notitodo.com.mx\/wp\/wp-json\/wp\/v2\/media?parent=96922"}],"wp:term":[{"taxonomy":"category","embeddable":true,"href":"https:\/\/notitodo.com.mx\/wp\/wp-json\/wp\/v2\/categories?post=96922"},{"taxonomy":"post_tag","embeddable":true,"href":"https:\/\/notitodo.com.mx\/wp\/wp-json\/wp\/v2\/tags?post=96922"}],"curies":[{"name":"wp","href":"https:\/\/api.w.org\/{rel}","templated":true}]}}