{"id":96577,"date":"2021-03-14T03:52:48","date_gmt":"2021-03-14T03:52:48","guid":{"rendered":"https:\/\/notitodo.com.mx\/wp\/?p=96577"},"modified":"2021-03-14T03:52:48","modified_gmt":"2021-03-14T03:52:48","slug":"comparecera-garcia-cabeza-de-vaca-ante-diputados-por-desafuero","status":"publish","type":"post","link":"https:\/\/notitodo.com.mx\/wp\/comparecera-garcia-cabeza-de-vaca-ante-diputados-por-desafuero\/","title":{"rendered":"Comparecer\u00e1 Garc\u00eda Cabeza de Vaca ante diputados por desafuero"},"content":{"rendered":"<p>Secci\u00f3n Instructora de la C\u00e1mara de Diputados acord\u00f3 abrir el per\u00edodo probatorio del juicio de desafuero en contra del gobernador de Tamaulipas, Francisco Javier Garc\u00eda Cabeza de Vaca, por lo cual ser\u00e1 llamado a comparecer ante los legisladores en una sesi\u00f3n p\u00fablica.<\/p>\n<p>Te puede interesar: L\u00f3pez Obrador llama a transparentar expediente de Garc\u00eda Cabeza de Vaca<\/p>\n<p>La declaraci\u00f3n de procedencia para retirarle la inmunidad legal y pol\u00edtica al mandatario tamaulipeco fue solicitada por la Fiscal\u00eda General de la Rep\u00fablica por los<\/p>\n<p><!--more--><\/p>\n<p>probables delitos de delincuencia organizada, operaci\u00f3n de recursos de procedencia il\u00edcita y defraudaci\u00f3n fiscal equiparada.<\/p>\n<p>\u201cAbierto el periodo para el ofrecimiento de pruebas, tanto por el requirente como por el inculpado, en el expediente SI\/LXIV\/DP\/02\/2021, relativo al requerimiento de declaraci\u00f3n de procedencia presentado por la Fiscal\u00eda General de la Rep\u00fablica en contra del C. Francisco Javier Garc\u00eda Cabeza de Vaca, Gobernador Constitucional del Estado de Tamaulipas\u201d, dice la circular hecha p\u00fablica por la Secci\u00f3n Instructora.<\/p>\n<p>Por tanto, el mandatario estatal deber\u00e1 acudir al Palacio Legislativo de San L\u00e1zaro, d\u00f3nde de acuerdo con el reglamento interno de la C\u00e1mara de Diputados, deber\u00e1 ser escuchado por los legisladores a fin de explicar y dar respuesta de los delitos que se le imputan.<\/p>\n<p>Tambi\u00e9n puedes leer: Cabeza de Vaca califica como especulaciones acusaciones de la FGR<\/p>\n<p>\u201cAl respecto, se acord\u00f3 que los ofrecimientos de pruebas testimoniales ser\u00e1n recibidos con la debida antelaci\u00f3n para efecto de que la Secci\u00f3n Instructora programe oportunamente las diligencias necesarias para su desahogo, mismas que se realizar\u00e1n de manera p\u00fablica\u201d, dice la circular hecha p\u00fablica este s\u00e1bado.<\/p>\n<p>El gobernador de Tamaulipas, Francisco Javier Garc\u00eda Cabeza de Vaca, ha se\u00f1alado que la solicitud de desafuero que present\u00f3 la FGR en su contra ante la C\u00e1mara de Diputados es por los ingresos obtenidos de la compra-venta de un departamento. fuente:excelsior<\/p>\n","protected":false},"excerpt":{"rendered":"<p>Secci\u00f3n Instructora de la C\u00e1mara de Diputados acord\u00f3 abrir el per\u00edodo probatorio del juicio de desafuero en contra del gobernador de Tamaulipas, Francisco Javier Garc\u00eda Cabeza de Vaca, por lo cual ser\u00e1 llamado a comparecer ante los legisladores en una sesi\u00f3n p\u00fablica. Te puede interesar: L\u00f3pez Obrador llama a transparentar expediente de Garc\u00eda Cabeza de [&hellip;]<\/p>\n","protected":false},"author":5,"featured_media":96579,"comment_status":"closed","ping_status":"open","sticky":false,"template":"","format":"standard","meta":{"footnotes":""},"categories":[6],"tags":[],"class_list":["post-96577","post","type-post","status-publish","format-standard","has-post-thumbnail","hentry","category-nacionales"],"views":9,"_links":{"self":[{"href":"https:\/\/notitodo.com.mx\/wp\/wp-json\/wp\/v2\/posts\/96577","targetHints":{"allow":["GET"]}}],"collection":[{"href":"https:\/\/notitodo.com.mx\/wp\/wp-json\/wp\/v2\/posts"}],"about":[{"href":"https:\/\/notitodo.com.mx\/wp\/wp-json\/wp\/v2\/types\/post"}],"author":[{"embeddable":true,"href":"https:\/\/notitodo.com.mx\/wp\/wp-json\/wp\/v2\/users\/5"}],"replies":[{"embeddable":true,"href":"https:\/\/notitodo.com.mx\/wp\/wp-json\/wp\/v2\/comments?post=96577"}],"version-history":[{"count":1,"href":"https:\/\/notitodo.com.mx\/wp\/wp-json\/wp\/v2\/posts\/96577\/revisions"}],"predecessor-version":[{"id":96580,"href":"https:\/\/notitodo.com.mx\/wp\/wp-json\/wp\/v2\/posts\/96577\/revisions\/96580"}],"wp:featuredmedia":[{"embeddable":true,"href":"https:\/\/notitodo.com.mx\/wp\/wp-json\/wp\/v2\/media\/96579"}],"wp:attachment":[{"href":"https:\/\/notitodo.com.mx\/wp\/wp-json\/wp\/v2\/media?parent=96577"}],"wp:term":[{"taxonomy":"category","embeddable":true,"href":"https:\/\/notitodo.com.mx\/wp\/wp-json\/wp\/v2\/categories?post=96577"},{"taxonomy":"post_tag","embeddable":true,"href":"https:\/\/notitodo.com.mx\/wp\/wp-json\/wp\/v2\/tags?post=96577"}],"curies":[{"name":"wp","href":"https:\/\/api.w.org\/{rel}","templated":true}]}}