{"id":95081,"date":"2021-02-18T19:05:04","date_gmt":"2021-02-18T19:05:04","guid":{"rendered":"https:\/\/notitodo.com.mx\/wp\/?p=95081"},"modified":"2021-02-18T19:05:04","modified_gmt":"2021-02-18T19:05:04","slug":"inician-nuevo-semestre-mas-de-900-estudiantes-en-la-ibycenech","status":"publish","type":"post","link":"https:\/\/notitodo.com.mx\/wp\/inician-nuevo-semestre-mas-de-900-estudiantes-en-la-ibycenech\/","title":{"rendered":"Inician nuevo semestre m\u00e1s de 900 estudiantes en la Ibycenech"},"content":{"rendered":"<p>&#8211; Alumnas, alumnos y personal docente, directivo y de apoyo a la educaci\u00f3n comenzaron actividades propias del semestre febrero-julio 2021, bajo la<\/p>\n<p><!--more--><\/p>\n<p>modalidad a distancia<\/p>\n<p>La Instituci\u00f3n Benem\u00e9rita y Centenaria Escuela Normal del Estado de Chihuahua \u201cProfesor Luis Ur\u00edas Belderr\u00e1in\u201d (Ibycenech), inici\u00f3 actividades acad\u00e9micas y administrativas, correspondientes al semestre febrero-julio 2021.<\/p>\n<p>Fueron alrededor de 900 alumnas y alumnos, personal docente, directivo y de apoyo a la educaci\u00f3n, quienes dieron comienzo a los trabajos pertinentes de ense\u00f1anza-aprendizaje, bajo la modalidad a distancia.<\/p>\n<p>Se espera que las y los maestros en formaci\u00f3n participen de manera continua en su preparaci\u00f3n como futuros docentes, adem\u00e1s de que sus mentores tendr\u00e1n el reto de movilizar los saberes, as\u00ed como ayudarlos a alcanzar las competencias profesionales requeridas para el desarrollo de la profesi\u00f3n.<\/p>\n<p>A trav\u00e9s de la p\u00e1gina www.ibycenech.edu.mx, el alumnado cuenta con aulas virtuales, habilitadas para cada uno de los 34 grupos, de las cuatro licenciaturas, que abarca la oferta educativa de la Ibycenech.<\/p>\n<p>Cabe mencionar que el inicio del semestre se ten\u00eda programado para el pasado lunes 15 de febrero, pero debido a problemas con la energ\u00eda el\u00e9ctrica no fue posible, por lo cual se posterg\u00f3 para el mi\u00e9rcoles 17 del presente mes.<\/p>\n<p>De acuerdo con autoridades de la instituci\u00f3n formadora de docentes, durante el semestre se garantiza dar el mejor servicio a los estudiantes y para ello es necesario que las condiciones sean las m\u00e1s apropiadas, por lo que la escuela continuar\u00e1 trabajando bajo las disposiciones que marca la Secretar\u00eda de Salud en conjunto con la Secretar\u00eda de Educaci\u00f3n y Deporte.<\/p>\n","protected":false},"excerpt":{"rendered":"<p>&#8211; Alumnas, alumnos y personal docente, directivo y de apoyo a la educaci\u00f3n comenzaron actividades propias del semestre febrero-julio 2021, bajo la<\/p>\n","protected":false},"author":5,"featured_media":95083,"comment_status":"closed","ping_status":"open","sticky":false,"template":"","format":"standard","meta":{"footnotes":""},"categories":[4],"tags":[],"class_list":["post-95081","post","type-post","status-publish","format-standard","has-post-thumbnail","hentry","category-deportes"],"views":6,"_links":{"self":[{"href":"https:\/\/notitodo.com.mx\/wp\/wp-json\/wp\/v2\/posts\/95081","targetHints":{"allow":["GET"]}}],"collection":[{"href":"https:\/\/notitodo.com.mx\/wp\/wp-json\/wp\/v2\/posts"}],"about":[{"href":"https:\/\/notitodo.com.mx\/wp\/wp-json\/wp\/v2\/types\/post"}],"author":[{"embeddable":true,"href":"https:\/\/notitodo.com.mx\/wp\/wp-json\/wp\/v2\/users\/5"}],"replies":[{"embeddable":true,"href":"https:\/\/notitodo.com.mx\/wp\/wp-json\/wp\/v2\/comments?post=95081"}],"version-history":[{"count":1,"href":"https:\/\/notitodo.com.mx\/wp\/wp-json\/wp\/v2\/posts\/95081\/revisions"}],"predecessor-version":[{"id":95084,"href":"https:\/\/notitodo.com.mx\/wp\/wp-json\/wp\/v2\/posts\/95081\/revisions\/95084"}],"wp:featuredmedia":[{"embeddable":true,"href":"https:\/\/notitodo.com.mx\/wp\/wp-json\/wp\/v2\/media\/95083"}],"wp:attachment":[{"href":"https:\/\/notitodo.com.mx\/wp\/wp-json\/wp\/v2\/media?parent=95081"}],"wp:term":[{"taxonomy":"category","embeddable":true,"href":"https:\/\/notitodo.com.mx\/wp\/wp-json\/wp\/v2\/categories?post=95081"},{"taxonomy":"post_tag","embeddable":true,"href":"https:\/\/notitodo.com.mx\/wp\/wp-json\/wp\/v2\/tags?post=95081"}],"curies":[{"name":"wp","href":"https:\/\/api.w.org\/{rel}","templated":true}]}}