{"id":94418,"date":"2021-01-20T01:39:35","date_gmt":"2021-01-20T01:39:35","guid":{"rendered":"https:\/\/notitodo.com.mx\/wp\/?p=94418"},"modified":"2021-01-20T01:39:35","modified_gmt":"2021-01-20T01:39:35","slug":"analizan-loera-y-aguilar-perfiles-para-candidatos-del-pt","status":"publish","type":"post","link":"https:\/\/notitodo.com.mx\/wp\/analizan-loera-y-aguilar-perfiles-para-candidatos-del-pt\/","title":{"rendered":"Analizan Loera y Aguilar perfiles para candidatos del PT"},"content":{"rendered":"<p>En reuni\u00f3n entre la dirigencia del Partido del Trabajo, Rub\u00e9n Aguilar Jim\u00e9nez y Am\u00e9rica Aguilar Gil y el precandidato a la<\/p>\n<p><!--more--><\/p>\n<p>gubernatura de Chihuahua por el PT, Juan Carlos Loera, analizaron perfiles de candidatas y candidatos y afinaron eventos con la militancia de este instituto pol\u00edtico tanto en Ciudad Ju\u00e1rez como en la capital del estado para participar en la consulta del precandidato.<\/p>\n<p>Durante la reuni\u00f3n examinaron diversos perfiles de candidatos que se han registrado en las oficinas del Partido del Trabajo y que ser\u00e1n abanderados de este partido pol\u00edtico.<\/p>\n<p>En la reuni\u00f3n, tambi\u00e9n se abord\u00f3 la organizaci\u00f3n de la estructura de estos dos institutos pol\u00edticos rumbo a la elecci\u00f3n a realizarse en julio de 2021, adem\u00e1s de la planificaci\u00f3n de un trabajo de bases coordinado en los distintos municipios para hacer un frente integral para el proceso electoral.<\/p>\n<p>El fundador del PT, Rub\u00e9n Aguilar, asegur\u00f3 que el trabajo hist\u00f3rico de las bases es uno de los mayores activos con los que cuenta este instituto pol\u00edtico, por lo que la coordinaci\u00f3n para el proceso electoral con el precandidato Loera, es fundamental.<\/p>\n<p>Finalmente, se habl\u00f3 de las pr\u00e1cticas en las que est\u00e1 incurriendo ilegalmente el supuesto comisionado pol\u00edtico al reunirse con posibles candidatos y candidatas, solicitandoles documentaci\u00f3n para ser seleccionados, lo cual constituye un delito.<\/p>\n<p>Al respecto, la dirigencia estatal del PT inform\u00f3 que dicho personaje tiene una denuncia penal por firmas falsas de miembros de la Dirigencia Nacional en su supuesto nombramiento, por lo que carece de toda validez legal para realizar cualquier acci\u00f3n que tenga que ver con el registro de candidatas y candidatos.<\/p>\n","protected":false},"excerpt":{"rendered":"<p>En reuni\u00f3n entre la dirigencia del Partido del Trabajo, Rub\u00e9n Aguilar Jim\u00e9nez y Am\u00e9rica Aguilar Gil y el precandidato a la<\/p>\n","protected":false},"author":5,"featured_media":94420,"comment_status":"closed","ping_status":"open","sticky":false,"template":"","format":"standard","meta":{"footnotes":""},"categories":[7],"tags":[],"class_list":["post-94418","post","type-post","status-publish","format-standard","has-post-thumbnail","hentry","category-estatales"],"views":42,"_links":{"self":[{"href":"https:\/\/notitodo.com.mx\/wp\/wp-json\/wp\/v2\/posts\/94418","targetHints":{"allow":["GET"]}}],"collection":[{"href":"https:\/\/notitodo.com.mx\/wp\/wp-json\/wp\/v2\/posts"}],"about":[{"href":"https:\/\/notitodo.com.mx\/wp\/wp-json\/wp\/v2\/types\/post"}],"author":[{"embeddable":true,"href":"https:\/\/notitodo.com.mx\/wp\/wp-json\/wp\/v2\/users\/5"}],"replies":[{"embeddable":true,"href":"https:\/\/notitodo.com.mx\/wp\/wp-json\/wp\/v2\/comments?post=94418"}],"version-history":[{"count":1,"href":"https:\/\/notitodo.com.mx\/wp\/wp-json\/wp\/v2\/posts\/94418\/revisions"}],"predecessor-version":[{"id":94421,"href":"https:\/\/notitodo.com.mx\/wp\/wp-json\/wp\/v2\/posts\/94418\/revisions\/94421"}],"wp:featuredmedia":[{"embeddable":true,"href":"https:\/\/notitodo.com.mx\/wp\/wp-json\/wp\/v2\/media\/94420"}],"wp:attachment":[{"href":"https:\/\/notitodo.com.mx\/wp\/wp-json\/wp\/v2\/media?parent=94418"}],"wp:term":[{"taxonomy":"category","embeddable":true,"href":"https:\/\/notitodo.com.mx\/wp\/wp-json\/wp\/v2\/categories?post=94418"},{"taxonomy":"post_tag","embeddable":true,"href":"https:\/\/notitodo.com.mx\/wp\/wp-json\/wp\/v2\/tags?post=94418"}],"curies":[{"name":"wp","href":"https:\/\/api.w.org\/{rel}","templated":true}]}}