{"id":93569,"date":"2020-12-10T06:58:08","date_gmt":"2020-12-10T06:58:08","guid":{"rendered":"https:\/\/notitodo.com.mx\/wp\/?p=93569"},"modified":"2020-12-10T06:58:08","modified_gmt":"2020-12-10T06:58:08","slug":"amplia-congreso-fecha-de-registro-para-participar-en-la-mesa-de-debate-sobre-el-origen-y-desarrollo-del-movimiento-armado-que-dio-lugar-a-la-revolucion-mexicana","status":"publish","type":"post","link":"https:\/\/notitodo.com.mx\/wp\/amplia-congreso-fecha-de-registro-para-participar-en-la-mesa-de-debate-sobre-el-origen-y-desarrollo-del-movimiento-armado-que-dio-lugar-a-la-revolucion-mexicana\/","title":{"rendered":"Ampl\u00eda Congreso fecha de registro para participar en la mesa de debate sobre el Origen y Desarrollo del Movimiento Armado que dio lugar a la Revoluci\u00f3n Mexicana"},"content":{"rendered":"<p>En reuni\u00f3n de acceso remoto o virtual de la Comisi\u00f3n Especial de An\u00e1lisis Hist\u00f3rica del Origen de la Revoluci\u00f3n Mexicana, presidida por la diputada Ana Carmen Estrada Garc\u00eda, se determin\u00f3 ampliar al 12 de diciembre del a\u00f1o en curso, la fecha de recepci\u00f3n de inscripciones para las personas interesadas en participar en la mesa de debate sobre el Origen y Desarrollo del Movimiento Armado que dio lugar a la Revoluci\u00f3n Mexicana.<\/p>\n<p>Historiadores y ciudadanos mexicanos, que cuenten con materiales hist\u00f3ricos que versan en el<\/p>\n<p><!--more--><\/p>\n<p>periodo comprendido por los meses de noviembre de 1910 hasta mayo de 1911, consistentes en fuentes documentales, primarias y secundarias, sobre el inicio y desarrollo del movimiento armado que dio origen a la Revoluci\u00f3n, podr\u00e1n participar en la exposici\u00f3n hist\u00f3rica, de acuerdo a las bases se\u00f1aladas en la convocatoria.<\/p>\n<p>Cabe mencionar que inicialmente la inscripci\u00f3n culminaba el pasado 31 de marzo del a\u00f1o curso, sin embargo debido a la declaratoria de pandemia por COVID-19 y las medidas para evitar la propagaci\u00f3n del virus, dicho periodo se vio afectado, por ello la ampliaci\u00f3n de la fecha de inscripci\u00f3n para quienes est\u00e9n interesados en participar.<br \/>\nPor \u00faltimo, es importante mencionar que la primera reuni\u00f3n se realizar\u00e1 el pr\u00f3ximo 18 de diciembre, a trav\u00e9s de acceso remoto o virtual.<\/p>\n","protected":false},"excerpt":{"rendered":"<p>En reuni\u00f3n de acceso remoto o virtual de la Comisi\u00f3n Especial de An\u00e1lisis Hist\u00f3rica del Origen de la Revoluci\u00f3n Mexicana, presidida por la diputada Ana Carmen Estrada Garc\u00eda, se determin\u00f3 ampliar al 12 de diciembre del a\u00f1o en curso, la fecha de recepci\u00f3n de inscripciones para las personas interesadas en participar en la mesa de [&hellip;]<\/p>\n","protected":false},"author":5,"featured_media":93571,"comment_status":"closed","ping_status":"open","sticky":false,"template":"","format":"standard","meta":{"footnotes":""},"categories":[9],"tags":[],"class_list":["post-93569","post","type-post","status-publish","format-standard","has-post-thumbnail","hentry","category-locales"],"views":27,"_links":{"self":[{"href":"https:\/\/notitodo.com.mx\/wp\/wp-json\/wp\/v2\/posts\/93569","targetHints":{"allow":["GET"]}}],"collection":[{"href":"https:\/\/notitodo.com.mx\/wp\/wp-json\/wp\/v2\/posts"}],"about":[{"href":"https:\/\/notitodo.com.mx\/wp\/wp-json\/wp\/v2\/types\/post"}],"author":[{"embeddable":true,"href":"https:\/\/notitodo.com.mx\/wp\/wp-json\/wp\/v2\/users\/5"}],"replies":[{"embeddable":true,"href":"https:\/\/notitodo.com.mx\/wp\/wp-json\/wp\/v2\/comments?post=93569"}],"version-history":[{"count":1,"href":"https:\/\/notitodo.com.mx\/wp\/wp-json\/wp\/v2\/posts\/93569\/revisions"}],"predecessor-version":[{"id":93572,"href":"https:\/\/notitodo.com.mx\/wp\/wp-json\/wp\/v2\/posts\/93569\/revisions\/93572"}],"wp:featuredmedia":[{"embeddable":true,"href":"https:\/\/notitodo.com.mx\/wp\/wp-json\/wp\/v2\/media\/93571"}],"wp:attachment":[{"href":"https:\/\/notitodo.com.mx\/wp\/wp-json\/wp\/v2\/media?parent=93569"}],"wp:term":[{"taxonomy":"category","embeddable":true,"href":"https:\/\/notitodo.com.mx\/wp\/wp-json\/wp\/v2\/categories?post=93569"},{"taxonomy":"post_tag","embeddable":true,"href":"https:\/\/notitodo.com.mx\/wp\/wp-json\/wp\/v2\/tags?post=93569"}],"curies":[{"name":"wp","href":"https:\/\/api.w.org\/{rel}","templated":true}]}}