{"id":92482,"date":"2020-11-26T16:06:06","date_gmt":"2020-11-26T16:06:06","guid":{"rendered":"https:\/\/notitodo.com.mx\/wp\/?p=92482"},"modified":"2020-11-29T16:11:32","modified_gmt":"2020-11-29T16:11:32","slug":"se-pronuncia-colectivo-50-1-contra-la-violencia-politica-ejercida-a-maru-campos","status":"publish","type":"post","link":"https:\/\/notitodo.com.mx\/wp\/se-pronuncia-colectivo-50-1-contra-la-violencia-politica-ejercida-a-maru-campos\/","title":{"rendered":"Se pronuncia colectivo 50 +1 contra la violencia pol\u00edtica ejercida a Maru Campos"},"content":{"rendered":"<p>El colectivo de mujeres pol\u00edticas, acad\u00e9micas y especialistas de todo el pa\u00eds, 50+1 se pronunci\u00f3 en contra de las amenazas, intimidaci\u00f3n y persecuci\u00f3n disfrazada de proceso jur\u00eddico que se ha observado desde las notas period\u00edsticas contra la presidenta municipal de Chihuahua, Maru Campos, y que la misma alcaldesa ha ventilado p\u00fablicamente, mismas que, evidentemente tienen como prop\u00f3sito obstaculizar su derecho constitucional a ser candidata a la gubernatura del estado.<\/p>\n<p>50+1 es un colectivo nacional con la finalidad de generar, apoyar e impulsar mecanismos de empoderamiento a las<\/p>\n<p><!--more--><\/p>\n<p>mujeres que participan activamente en los espacios de decisi\u00f3n.<\/p>\n<p>Asimismo, el colectivo lanz\u00f3 una petici\u00f3n en la plataforma change.org para apoyar a Campos Galv\u00e1n con el mensaje:<\/p>\n<p>\u201cLas violencias hacia las mujeres no es cosa del pasado. Sin embargo, muchas hemos demostrado que somos capaces de sobreponernos y lograr ser reconocidas por nuestro trabajo.<\/p>\n<p>La violencia pol\u00edtica es una de ellas, como es el caso de la Presidente Municipal de Chihuahua, Mar\u00eda Eugenia Campos, quien ha recibido amenazas, acusaciones y acoso, incluso acciones emanadas desde algunas instituciones.<\/p>\n<p>Las amenazas, intimidaci\u00f3n y persecuci\u00f3n pol\u00edtica disfrazada de proceso jur\u00eddico que se ha observado desde las notas period\u00edsticas y que la misma alcaldesa ha ventilado p\u00fablicamente, evidentemente tienen como prop\u00f3sito obstaculizar su derecho constitucional a ser candidata a la gubernatura de Chihuahua.<\/p>\n","protected":false},"excerpt":{"rendered":"<p>El colectivo de mujeres pol\u00edticas, acad\u00e9micas y especialistas de todo el pa\u00eds, 50+1 se pronunci\u00f3 en contra de las amenazas, intimidaci\u00f3n y persecuci\u00f3n disfrazada de proceso jur\u00eddico que se ha observado desde las notas period\u00edsticas contra la presidenta municipal de Chihuahua, Maru Campos, y que la misma alcaldesa ha ventilado p\u00fablicamente, mismas que, evidentemente tienen [&hellip;]<\/p>\n","protected":false},"author":5,"featured_media":92484,"comment_status":"closed","ping_status":"open","sticky":false,"template":"","format":"standard","meta":{"footnotes":""},"categories":[9],"tags":[],"class_list":["post-92482","post","type-post","status-publish","format-standard","has-post-thumbnail","hentry","category-locales"],"views":40,"_links":{"self":[{"href":"https:\/\/notitodo.com.mx\/wp\/wp-json\/wp\/v2\/posts\/92482","targetHints":{"allow":["GET"]}}],"collection":[{"href":"https:\/\/notitodo.com.mx\/wp\/wp-json\/wp\/v2\/posts"}],"about":[{"href":"https:\/\/notitodo.com.mx\/wp\/wp-json\/wp\/v2\/types\/post"}],"author":[{"embeddable":true,"href":"https:\/\/notitodo.com.mx\/wp\/wp-json\/wp\/v2\/users\/5"}],"replies":[{"embeddable":true,"href":"https:\/\/notitodo.com.mx\/wp\/wp-json\/wp\/v2\/comments?post=92482"}],"version-history":[{"count":1,"href":"https:\/\/notitodo.com.mx\/wp\/wp-json\/wp\/v2\/posts\/92482\/revisions"}],"predecessor-version":[{"id":92485,"href":"https:\/\/notitodo.com.mx\/wp\/wp-json\/wp\/v2\/posts\/92482\/revisions\/92485"}],"wp:featuredmedia":[{"embeddable":true,"href":"https:\/\/notitodo.com.mx\/wp\/wp-json\/wp\/v2\/media\/92484"}],"wp:attachment":[{"href":"https:\/\/notitodo.com.mx\/wp\/wp-json\/wp\/v2\/media?parent=92482"}],"wp:term":[{"taxonomy":"category","embeddable":true,"href":"https:\/\/notitodo.com.mx\/wp\/wp-json\/wp\/v2\/categories?post=92482"},{"taxonomy":"post_tag","embeddable":true,"href":"https:\/\/notitodo.com.mx\/wp\/wp-json\/wp\/v2\/tags?post=92482"}],"curies":[{"name":"wp","href":"https:\/\/api.w.org\/{rel}","templated":true}]}}