{"id":92445,"date":"2020-11-26T15:38:10","date_gmt":"2020-11-26T15:38:10","guid":{"rendered":"https:\/\/notitodo.com.mx\/wp\/?p=92445"},"modified":"2020-11-29T15:40:58","modified_gmt":"2020-11-29T15:40:58","slug":"realiza-gobierno-municipal-segunda-entrega-de-aparatos-auditivos","status":"publish","type":"post","link":"https:\/\/notitodo.com.mx\/wp\/realiza-gobierno-municipal-segunda-entrega-de-aparatos-auditivos\/","title":{"rendered":"Realiza Gobierno Municipal segunda entrega de aparatos auditivos"},"content":{"rendered":"<p>El Gobierno Municipal a trav\u00e9s del DIF llev\u00f3 a cabo una segunda entrega de aparatos auditivos a 60 personas que tienen una debilidad auditiva y no cuentan con los recursos para adquirirlos por sus propios medios, esto con el objetivo de apoyarlos a tener una mejor calidad de vida.<\/p>\n<p>Los apoyos fueron entregados a personas que por edad, enfermedad o situaciones derivadas de accidentes han perdido el sentido del o\u00eddo casi en forma total. Por lo que fueron previamente seleccionados por el departamento de Asistencia social para recibir dicho beneficio.<\/p>\n<p>Entre los beneficiarios de este programa de apoyo del DIF, se encontraban dos ni\u00f1os de ocho y once a\u00f1os de edad, quienes al recibir los aparatos auditivos que les permitir\u00e1n recuperar en forma parcial el o\u00eddo podr\u00e1n continuar con<\/p>\n<p><!--more--><\/p>\n<p>su educaci\u00f3n y continuar sus actividades diarias sin dificultades.<\/p>\n<p>EL DIF Municipal adquiri\u00f3 50 de estos aparatos auditivos, con un costo de 15 mil pesos cada uno, y se cont\u00f3 con un donativo de 10 aparatos por parte del doctor Gerardo Pasos de la \u00f3ptica AUDIK a quien el DIF agradece por sumarse a esta labor que beneficia a los chihuahuenses.<\/p>\n<p>A pesar de las restricciones sanitarias tomadas como medidas de protecci\u00f3n ante el COVID19, el DIF Municipal contin\u00faa brindando atenci\u00f3n a la ciudadan\u00eda con todas las medidas necesarias, tal como llev\u00f3 a cabo esta entrega de aparatos auditivos a 60 personas, logrando impactar de manera positiva, no s\u00f3lo al beneficiario directo sino a las familias completas, ya que estos dispositivos brindan una mejor calidad de vida a quien los recibe, permiti\u00e9ndoles una mejor\u00eda en su vida personal, social y\/o laboral.<\/p>\n","protected":false},"excerpt":{"rendered":"<p>El Gobierno Municipal a trav\u00e9s del DIF llev\u00f3 a cabo una segunda entrega de aparatos auditivos a 60 personas que tienen una debilidad auditiva y no cuentan con los recursos para adquirirlos por sus propios medios, esto con el objetivo de apoyarlos a tener una mejor calidad de vida. Los apoyos fueron entregados a personas [&hellip;]<\/p>\n","protected":false},"author":5,"featured_media":92447,"comment_status":"closed","ping_status":"open","sticky":false,"template":"","format":"standard","meta":{"footnotes":""},"categories":[9],"tags":[],"class_list":["post-92445","post","type-post","status-publish","format-standard","has-post-thumbnail","hentry","category-locales"],"views":24,"_links":{"self":[{"href":"https:\/\/notitodo.com.mx\/wp\/wp-json\/wp\/v2\/posts\/92445","targetHints":{"allow":["GET"]}}],"collection":[{"href":"https:\/\/notitodo.com.mx\/wp\/wp-json\/wp\/v2\/posts"}],"about":[{"href":"https:\/\/notitodo.com.mx\/wp\/wp-json\/wp\/v2\/types\/post"}],"author":[{"embeddable":true,"href":"https:\/\/notitodo.com.mx\/wp\/wp-json\/wp\/v2\/users\/5"}],"replies":[{"embeddable":true,"href":"https:\/\/notitodo.com.mx\/wp\/wp-json\/wp\/v2\/comments?post=92445"}],"version-history":[{"count":1,"href":"https:\/\/notitodo.com.mx\/wp\/wp-json\/wp\/v2\/posts\/92445\/revisions"}],"predecessor-version":[{"id":92448,"href":"https:\/\/notitodo.com.mx\/wp\/wp-json\/wp\/v2\/posts\/92445\/revisions\/92448"}],"wp:featuredmedia":[{"embeddable":true,"href":"https:\/\/notitodo.com.mx\/wp\/wp-json\/wp\/v2\/media\/92447"}],"wp:attachment":[{"href":"https:\/\/notitodo.com.mx\/wp\/wp-json\/wp\/v2\/media?parent=92445"}],"wp:term":[{"taxonomy":"category","embeddable":true,"href":"https:\/\/notitodo.com.mx\/wp\/wp-json\/wp\/v2\/categories?post=92445"},{"taxonomy":"post_tag","embeddable":true,"href":"https:\/\/notitodo.com.mx\/wp\/wp-json\/wp\/v2\/tags?post=92445"}],"curies":[{"name":"wp","href":"https:\/\/api.w.org\/{rel}","templated":true}]}}