{"id":92275,"date":"2020-11-21T01:41:52","date_gmt":"2020-11-21T01:41:52","guid":{"rendered":"https:\/\/notitodo.com.mx\/wp\/?p=92275"},"modified":"2020-11-21T01:41:52","modified_gmt":"2020-11-21T01:41:52","slug":"realiza-dif-estatal-foro-virtual-yo-me-cuido-tu-me-cuidas-con-mas-de-mil-participantes","status":"publish","type":"post","link":"https:\/\/notitodo.com.mx\/wp\/realiza-dif-estatal-foro-virtual-yo-me-cuido-tu-me-cuidas-con-mas-de-mil-participantes\/","title":{"rendered":"Realiza DIF Estatal foro virtual \u201cYo me cuido, t\u00fa me cuidas\u201d con m\u00e1s de mil participantes"},"content":{"rendered":"<p>&#8211; A trav\u00e9s del intercambio de experiencias encaminadas a la prevenci\u00f3n y atenci\u00f3n de la violencia sexual a ni\u00f1as, ni\u00f1os y adolescentes, se busca trabajar en la detecci\u00f3n de esta problem\u00e1tica social<\/p>\n<p>El DIF Estatal a trav\u00e9s del Centro Estatal de Fortalecimiento Familiar (Cefofa) en vinculaci\u00f3n con<!--more--> la Universidad Pedag\u00f3gica Nacional (UPN) y la Secretar\u00eda de Salud del estado de Chihuahua llev\u00f3 a cabo la tercera edici\u00f3n del foro de prevenci\u00f3n de violencia sexual en contra de ni\u00f1as, ni\u00f1os y adolescentes, denominado &#8220;Yo me cuido, t\u00fa me cuidas&#8221;.<\/p>\n<p>Mar\u00eda Elo\u00edsa Sol\u00eds Terrazas, titular de la Cefofa, explic\u00f3 que debido a la contingencia sanitaria derivada del COVID-19, el foro se llev\u00f3 a cabo del 17 al 20 de noviembre v\u00eda Zoom y a trav\u00e9s de la p\u00e1gina web www.kari.gob.mx, as\u00ed como en la plataforma de YouTube en donde m\u00e1s de mil 250 participantes se registraron para el intercambio de experiencias sobre este importante tema.<\/p>\n<p>El evento se realiz\u00f3 para generar conciencia y acciones de prevenci\u00f3n contra este tipo de violencia, entre maestros, academia, padres y madres de familia, asimismo para que este sector de la sociedad cuente con las herramientas necesarias para evitar actos que vulneren los derechos de los menores.<\/p>\n<p>Agreg\u00f3 que, durante su desarrollo se destac\u00f3 la ponencia titulada \u201cVidas libres de violencia, abuso sexual en adolescentes\u201d y un conversatorio de buenas pr\u00e1cticas en la prevenci\u00f3n y atenci\u00f3n integral de la violencia sexual.<\/p>\n<p>El arranque de este foro estuvo a cargo del Dr. Carlos de la Cruz, originario de Espa\u00f1a y director del M\u00e1ster de Sexolog\u00eda de la Universidad Camilo Jos\u00e9 Cela (UCJC). Profesor del M\u00e1ster de Psicooncolog\u00eda de la Universidad Complutense, del M\u00e1ster en Integraci\u00f3n de personas con discapacidad \u2013 Calidad de vida de la Universidad de Salamanca, del M\u00e1ster Trastornos de Espectro del Autismo de la Universidad Europea Miguel de Cervantes y el M\u00e1ster en Trastorno del Espectro Autista del Universidad Europea Miguel de Cervantes.<\/p>\n<p>Es autor tambi\u00e9n de las publicaciones \u201cSexualidades Diversas, Sexualidades como todas\u201d, \u201cSexualidades que importan\u201d, \u201cNueva Educaci\u00f3n de las Sexualidades\u201d y \u201cNo le cuentes cuentos\u201d, entre otras encaminadas a la protecci\u00f3n de los derechos de la infancia.<\/p>\n<p>Adem\u00e1s, se desarroll\u00f3 el taller \u201cYo te cuento, t\u00fa me cuidas\u201d a cargo de Jaqueline Nava, en el cual se expuso a trav\u00e9s de una obra literaria las formas en que padres y maestros pueden coadyuvar en la prevenci\u00f3n y atenci\u00f3n del abuso sexual infantil.<\/p>\n<p>Tambi\u00e9n se impartieron las conferencias \u201cVidas libres de violencia, abuso sexual en adolescentes\u201d a cargo de Jos\u00e9 Luis Gonz\u00e1lez de Fundaci\u00f3n M\u00e9xico Vivo, y \u201cAbordaje del abuso infantil a trav\u00e9s del arte-terapia\u201d por del Dr. Oscar Jonathan Mel\u00e9ndez Ram\u00edrez.<\/p>\n<p>Para finalizar este foro, los ponentes y participantes del mismo llevaron a cabo un conversatorio sobre las buenas pr\u00e1cticas en la prevenci\u00f3n y atenci\u00f3n integral de la violencia sexual infantil, donde los expertos en el tema compartieron su experiencia con la finalidad de identificar las l\u00edneas de acci\u00f3n que se derivaron del Diplomado de la Universidad Pedag\u00f3gica Nacional.<\/p>\n","protected":false},"excerpt":{"rendered":"<p>&#8211; A trav\u00e9s del intercambio de experiencias encaminadas a la prevenci\u00f3n y atenci\u00f3n de la violencia sexual a ni\u00f1as, ni\u00f1os y adolescentes, se busca trabajar en la detecci\u00f3n de esta problem\u00e1tica social El DIF Estatal a trav\u00e9s del Centro Estatal de Fortalecimiento Familiar (Cefofa) en vinculaci\u00f3n con<\/p>\n","protected":false},"author":5,"featured_media":92277,"comment_status":"closed","ping_status":"open","sticky":false,"template":"","format":"standard","meta":{"footnotes":""},"categories":[7],"tags":[],"class_list":["post-92275","post","type-post","status-publish","format-standard","has-post-thumbnail","hentry","category-estatales"],"views":7,"_links":{"self":[{"href":"https:\/\/notitodo.com.mx\/wp\/wp-json\/wp\/v2\/posts\/92275","targetHints":{"allow":["GET"]}}],"collection":[{"href":"https:\/\/notitodo.com.mx\/wp\/wp-json\/wp\/v2\/posts"}],"about":[{"href":"https:\/\/notitodo.com.mx\/wp\/wp-json\/wp\/v2\/types\/post"}],"author":[{"embeddable":true,"href":"https:\/\/notitodo.com.mx\/wp\/wp-json\/wp\/v2\/users\/5"}],"replies":[{"embeddable":true,"href":"https:\/\/notitodo.com.mx\/wp\/wp-json\/wp\/v2\/comments?post=92275"}],"version-history":[{"count":1,"href":"https:\/\/notitodo.com.mx\/wp\/wp-json\/wp\/v2\/posts\/92275\/revisions"}],"predecessor-version":[{"id":92278,"href":"https:\/\/notitodo.com.mx\/wp\/wp-json\/wp\/v2\/posts\/92275\/revisions\/92278"}],"wp:featuredmedia":[{"embeddable":true,"href":"https:\/\/notitodo.com.mx\/wp\/wp-json\/wp\/v2\/media\/92277"}],"wp:attachment":[{"href":"https:\/\/notitodo.com.mx\/wp\/wp-json\/wp\/v2\/media?parent=92275"}],"wp:term":[{"taxonomy":"category","embeddable":true,"href":"https:\/\/notitodo.com.mx\/wp\/wp-json\/wp\/v2\/categories?post=92275"},{"taxonomy":"post_tag","embeddable":true,"href":"https:\/\/notitodo.com.mx\/wp\/wp-json\/wp\/v2\/tags?post=92275"}],"curies":[{"name":"wp","href":"https:\/\/api.w.org\/{rel}","templated":true}]}}