{"id":92232,"date":"2020-11-20T19:48:23","date_gmt":"2020-11-20T19:48:23","guid":{"rendered":"https:\/\/notitodo.com.mx\/wp\/?p=92232"},"modified":"2020-11-20T19:48:23","modified_gmt":"2020-11-20T19:48:23","slug":"reciben-en-la-ut-paquime-curso-enfocado-a-equidad-e-igualdad-de-genero","status":"publish","type":"post","link":"https:\/\/notitodo.com.mx\/wp\/reciben-en-la-ut-paquime-curso-enfocado-a-equidad-e-igualdad-de-genero\/","title":{"rendered":"Reciben en la UT Paquim\u00e9 curso enfocado a equidad e igualdad de g\u00e9nero"},"content":{"rendered":"<p>&#8211; La actividad se deriva de la serie planeada por parte de la Unidad de Igualdad de G\u00e9nero de la instituci\u00f3n.<\/p>\n<p>La igualdad de g\u00e9nero y el empoderamiento de las mujeres implican que las mujeres y los hombres, ni\u00f1as y ni\u00f1os, tengan las mismas condiciones, oportunidades y resultados para ejercer plenamente sus derechos,<!--more--> sin importar su sexo e identidad de g\u00e9nero, seg\u00fan datos de la Organizaci\u00f3n de las Naciones Unidas (ONU).<\/p>\n<p>Es por ello, que, promoviendo la importancia de este t\u00f3pico en la actual sociedad, fue a trav\u00e9s de la Unidad de Igualdad de G\u00e9nero de la Universidad Tecnol\u00f3gica de Paquim\u00e9 (UT Paquim\u00e9) que se llev\u00f3 a cabo el curso \u201cEquidad e Igualdad de G\u00e9nero\u201d impartido por Idalia Carolina Arag\u00f3n Alv\u00eddrez y dirigido a estudiantes y docentes de la \u201cCasa Halcones\u201d.<\/p>\n<p>La actividad tuvo como objetivo que tanto alumnos como docentes tengan conocimiento de los t\u00e9rminos y situaciones a las que se pueden enfrentar, o bien, logren identificar si ya se encuentran viviendo alguna de ellas para tomar las medidas pertinentes ante las autoridades competentes, ya sea una situaci\u00f3n de acoso, abuso o discriminaci\u00f3n, se\u00f1al\u00f3 Karen Flores, miembro de la Unidad de Igualdad de G\u00e9nero de la instituci\u00f3n.<\/p>\n<p>Cabe se\u00f1alar que la Unidad mencionada tiene como objetivo proporcionar a alumnos y docentes los conocimientos b\u00e1sicos de equidad, igualdad y perspectiva de g\u00e9nero, para que estos puedan ser implementados a su vez en el aula y en sus vidas personales.<\/p>\n<p>Asimismo, esta unidad se pone a disposici\u00f3n de todo el personal y alumnado para denunciar cualquier tipo de problem\u00e1tica, al correo electr\u00f3nico: unidadgeneroutp@utpaquime.edu.mx.<\/p>\n","protected":false},"excerpt":{"rendered":"<p>&#8211; La actividad se deriva de la serie planeada por parte de la Unidad de Igualdad de G\u00e9nero de la instituci\u00f3n. La igualdad de g\u00e9nero y el empoderamiento de las mujeres implican que las mujeres y los hombres, ni\u00f1as y ni\u00f1os, tengan las mismas condiciones, oportunidades y resultados para ejercer plenamente sus derechos,<\/p>\n","protected":false},"author":5,"featured_media":92234,"comment_status":"closed","ping_status":"open","sticky":false,"template":"","format":"standard","meta":{"footnotes":""},"categories":[7],"tags":[],"class_list":["post-92232","post","type-post","status-publish","format-standard","has-post-thumbnail","hentry","category-estatales"],"views":5,"_links":{"self":[{"href":"https:\/\/notitodo.com.mx\/wp\/wp-json\/wp\/v2\/posts\/92232","targetHints":{"allow":["GET"]}}],"collection":[{"href":"https:\/\/notitodo.com.mx\/wp\/wp-json\/wp\/v2\/posts"}],"about":[{"href":"https:\/\/notitodo.com.mx\/wp\/wp-json\/wp\/v2\/types\/post"}],"author":[{"embeddable":true,"href":"https:\/\/notitodo.com.mx\/wp\/wp-json\/wp\/v2\/users\/5"}],"replies":[{"embeddable":true,"href":"https:\/\/notitodo.com.mx\/wp\/wp-json\/wp\/v2\/comments?post=92232"}],"version-history":[{"count":1,"href":"https:\/\/notitodo.com.mx\/wp\/wp-json\/wp\/v2\/posts\/92232\/revisions"}],"predecessor-version":[{"id":92235,"href":"https:\/\/notitodo.com.mx\/wp\/wp-json\/wp\/v2\/posts\/92232\/revisions\/92235"}],"wp:featuredmedia":[{"embeddable":true,"href":"https:\/\/notitodo.com.mx\/wp\/wp-json\/wp\/v2\/media\/92234"}],"wp:attachment":[{"href":"https:\/\/notitodo.com.mx\/wp\/wp-json\/wp\/v2\/media?parent=92232"}],"wp:term":[{"taxonomy":"category","embeddable":true,"href":"https:\/\/notitodo.com.mx\/wp\/wp-json\/wp\/v2\/categories?post=92232"},{"taxonomy":"post_tag","embeddable":true,"href":"https:\/\/notitodo.com.mx\/wp\/wp-json\/wp\/v2\/tags?post=92232"}],"curies":[{"name":"wp","href":"https:\/\/api.w.org\/{rel}","templated":true}]}}