{"id":90569,"date":"2020-10-31T02:30:48","date_gmt":"2020-10-31T02:30:48","guid":{"rendered":"https:\/\/notitodo.com.mx\/wp\/?p=90569"},"modified":"2020-10-31T02:30:48","modified_gmt":"2020-10-31T02:30:48","slug":"invita-felich-2020-a-charla-sobre-genero-de-terror-con-la-escritora-mariana-enriquez","status":"publish","type":"post","link":"https:\/\/notitodo.com.mx\/wp\/invita-felich-2020-a-charla-sobre-genero-de-terror-con-la-escritora-mariana-enriquez\/","title":{"rendered":"Invita FELICH 2020 a charla sobre g\u00e9nero de terror con la escritora Mariana Enr\u00edquez"},"content":{"rendered":"<p>&#8211; Como parte del segmento \u201cNoches con la literatura\u201d, una de las mayores representantes de la \u201cnueva narrativa argentina\u201d participa con un conversatorio virtual este s\u00e1bado 31 de octubre a las 19:00 horas<\/p>\n<p>El espacio virtual \u201cNoches con la Literatura\u201d de la Feria del Libro de Chihuahua (FELICH) 2020,<!--more--> contar\u00e1 con la participaci\u00f3n de la autora argentina Mariana Enr\u00edquez, una de las m\u00e1s reconocidas voces latinoamericanas del g\u00e9nero de terror, quien charlar\u00e1 con el p\u00fablico este s\u00e1bado 31 de octubre en punto de las 7 de la tarde a trav\u00e9s de Facebook.<\/p>\n<p>Enr\u00edquez es periodista, escritora y docente argentina. Es parte del grupo de escritores y escritoras conocidos como \u201cla nueva narrativa argentina\u201d y ha sido llamada \u201cla reina del realismo g\u00f3tico\u201d por ser considerada la mayor exponente de la literatura de terror en su pa\u00eds natal.<\/p>\n<p>Es autora, entre otros t\u00edtulos, de las novelas C\u00f3mo desaparecer completamente (2004) y Nuestra parte de noche (2019), la cual fue ganadora del Premio Herralde de Novela. Tambi\u00e9n es autora de los libros de cuentos Los peligros de fumar en la cama (2009), Las cosas que perdimos en el fuego (2016) y Ese verano a oscuras (2019).<\/p>\n<p>En sus obras explora la oscuridad y lo monstruoso que nos rodea desde una perspectiva contempor\u00e1nea. Sus textos han sido publicados en diversos medios internacionales y traducidos a m\u00e1s de una decena de idiomas, adem\u00e1s ha recibido numerosos premios y reconocimientos.<\/p>\n<p>Bajo el lema \u201cHabitar un mundo distinto\u201d, la FELICH 2020 se lleva a cabo del 23 de octubre al 4 de noviembre con actividades que se transmiten en las p\u00e1ginas de Facebook de la Feria del Libro de Chihuahua (https:\/\/www.facebook.com\/FELICHOficial\/), de la Feria del Libro de la Frontera (https:\/\/www.facebook.com\/FLFjuarezmx ) y la Secretar\u00eda de Cultura (https:\/\/www.facebook.com\/CulturaChih\/).<\/p>\n<p>Adem\u00e1s, se puede consultar toda la informaci\u00f3n, realizar compras de libros y acceder a las transmisiones por medio de la p\u00e1gina web www.feriasdelibros.com\/chihuahua.<\/p>\n<p>Descargue el programa completo de la FELICH 2020 en: http:\/\/tiny.cc\/FeriadelLibroChihuahua.<\/p>\n","protected":false},"excerpt":{"rendered":"<p>&#8211; Como parte del segmento \u201cNoches con la literatura\u201d, una de las mayores representantes de la \u201cnueva narrativa argentina\u201d participa con un conversatorio virtual este s\u00e1bado 31 de octubre a las 19:00 horas El espacio virtual \u201cNoches con la Literatura\u201d de la Feria del Libro de Chihuahua (FELICH) 2020,<\/p>\n","protected":false},"author":5,"featured_media":90571,"comment_status":"closed","ping_status":"open","sticky":false,"template":"","format":"standard","meta":{"footnotes":""},"categories":[7],"tags":[],"class_list":["post-90569","post","type-post","status-publish","format-standard","has-post-thumbnail","hentry","category-estatales"],"views":5,"_links":{"self":[{"href":"https:\/\/notitodo.com.mx\/wp\/wp-json\/wp\/v2\/posts\/90569","targetHints":{"allow":["GET"]}}],"collection":[{"href":"https:\/\/notitodo.com.mx\/wp\/wp-json\/wp\/v2\/posts"}],"about":[{"href":"https:\/\/notitodo.com.mx\/wp\/wp-json\/wp\/v2\/types\/post"}],"author":[{"embeddable":true,"href":"https:\/\/notitodo.com.mx\/wp\/wp-json\/wp\/v2\/users\/5"}],"replies":[{"embeddable":true,"href":"https:\/\/notitodo.com.mx\/wp\/wp-json\/wp\/v2\/comments?post=90569"}],"version-history":[{"count":1,"href":"https:\/\/notitodo.com.mx\/wp\/wp-json\/wp\/v2\/posts\/90569\/revisions"}],"predecessor-version":[{"id":90572,"href":"https:\/\/notitodo.com.mx\/wp\/wp-json\/wp\/v2\/posts\/90569\/revisions\/90572"}],"wp:featuredmedia":[{"embeddable":true,"href":"https:\/\/notitodo.com.mx\/wp\/wp-json\/wp\/v2\/media\/90571"}],"wp:attachment":[{"href":"https:\/\/notitodo.com.mx\/wp\/wp-json\/wp\/v2\/media?parent=90569"}],"wp:term":[{"taxonomy":"category","embeddable":true,"href":"https:\/\/notitodo.com.mx\/wp\/wp-json\/wp\/v2\/categories?post=90569"},{"taxonomy":"post_tag","embeddable":true,"href":"https:\/\/notitodo.com.mx\/wp\/wp-json\/wp\/v2\/tags?post=90569"}],"curies":[{"name":"wp","href":"https:\/\/api.w.org\/{rel}","templated":true}]}}