{"id":89523,"date":"2020-10-22T03:21:19","date_gmt":"2020-10-22T03:21:19","guid":{"rendered":"https:\/\/notitodo.com.mx\/wp\/?p=89523"},"modified":"2020-10-22T03:21:19","modified_gmt":"2020-10-22T03:21:19","slug":"invitan-diputadas-y-colegio-kari-montessori-a-la-conferencia-virtual-educacion-humanizante-en-pandemia","status":"publish","type":"post","link":"https:\/\/notitodo.com.mx\/wp\/invitan-diputadas-y-colegio-kari-montessori-a-la-conferencia-virtual-educacion-humanizante-en-pandemia\/","title":{"rendered":"Invitan diputadas y colegio Kari Montessori a la conferencia virtual \u201cEducaci\u00f3n Humanizante en Pandemia\u201d"},"content":{"rendered":"<p>La Presidente de la comisi\u00f3n de Juventud y Ni\u00f1ez Marisela Terrazas, as\u00ed como la Diputada Georgina Bujanda, ambas del Grupo Parlamentario del PAN, invitan a esta segunda magna conferencia con motivo de la escuela en casa.<\/p>\n<p>La diputada Terrazas puntualiz\u00f3 que en estos tiempos de pandemia, el trabajo y la escuela han sufrido muchos cambios,<!--more--> donde debemos valorar cada minuto de nuestra libertad, la salud y la convivencia con nuestros amigos y familiares.<\/p>\n<p>Es por eso que se invita a directivos, maestros y docentes, para que est\u00e9n presentes en esta conferencia virtual llamada \u201cEducaci\u00f3n Humanizante en Pandemia\u201d, donde se tratar\u00e1n diversos temas, como el de la educaci\u00f3n y el saber sobrellevar estos momentos de encierro y como la escuela virtual, est\u00e1 siendo esencial en estos momentos.<\/p>\n<p>\u201cEsta pl\u00e1tica virtual nos expresara lo mucho que debemos valorar en estos tiempos de pandemia y lo fr\u00e1giles que somos y aprovechar que es totalmente gratuita\u201d.<\/p>\n<p>La conferencia estar\u00e1 en el Facebook de la diputada Marisela Terrazas, el jueves 22 de octubre a las 18 horas con el Doctor en Educaci\u00f3n e Investigador, Juan Mart\u00edn L\u00f3pez Calva.<\/p>\n","protected":false},"excerpt":{"rendered":"<p>La Presidente de la comisi\u00f3n de Juventud y Ni\u00f1ez Marisela Terrazas, as\u00ed como la Diputada Georgina Bujanda, ambas del Grupo Parlamentario del PAN, invitan a esta segunda magna conferencia con motivo de la escuela en casa. La diputada Terrazas puntualiz\u00f3 que en estos tiempos de pandemia, el trabajo y la escuela han sufrido muchos cambios,<\/p>\n","protected":false},"author":5,"featured_media":89525,"comment_status":"closed","ping_status":"open","sticky":false,"template":"","format":"standard","meta":{"footnotes":""},"categories":[7],"tags":[],"class_list":["post-89523","post","type-post","status-publish","format-standard","has-post-thumbnail","hentry","category-estatales"],"views":4,"_links":{"self":[{"href":"https:\/\/notitodo.com.mx\/wp\/wp-json\/wp\/v2\/posts\/89523","targetHints":{"allow":["GET"]}}],"collection":[{"href":"https:\/\/notitodo.com.mx\/wp\/wp-json\/wp\/v2\/posts"}],"about":[{"href":"https:\/\/notitodo.com.mx\/wp\/wp-json\/wp\/v2\/types\/post"}],"author":[{"embeddable":true,"href":"https:\/\/notitodo.com.mx\/wp\/wp-json\/wp\/v2\/users\/5"}],"replies":[{"embeddable":true,"href":"https:\/\/notitodo.com.mx\/wp\/wp-json\/wp\/v2\/comments?post=89523"}],"version-history":[{"count":1,"href":"https:\/\/notitodo.com.mx\/wp\/wp-json\/wp\/v2\/posts\/89523\/revisions"}],"predecessor-version":[{"id":89526,"href":"https:\/\/notitodo.com.mx\/wp\/wp-json\/wp\/v2\/posts\/89523\/revisions\/89526"}],"wp:featuredmedia":[{"embeddable":true,"href":"https:\/\/notitodo.com.mx\/wp\/wp-json\/wp\/v2\/media\/89525"}],"wp:attachment":[{"href":"https:\/\/notitodo.com.mx\/wp\/wp-json\/wp\/v2\/media?parent=89523"}],"wp:term":[{"taxonomy":"category","embeddable":true,"href":"https:\/\/notitodo.com.mx\/wp\/wp-json\/wp\/v2\/categories?post=89523"},{"taxonomy":"post_tag","embeddable":true,"href":"https:\/\/notitodo.com.mx\/wp\/wp-json\/wp\/v2\/tags?post=89523"}],"curies":[{"name":"wp","href":"https:\/\/api.w.org\/{rel}","templated":true}]}}