{"id":89503,"date":"2020-10-22T03:06:39","date_gmt":"2020-10-22T03:06:39","guid":{"rendered":"https:\/\/notitodo.com.mx\/wp\/?p=89503"},"modified":"2020-10-22T03:06:39","modified_gmt":"2020-10-22T03:06:39","slug":"pide-gobernador-apoyo-de-alcaldesas-y-alcaldes-para-que-se-cumplan-restricciones-sanitarias","status":"publish","type":"post","link":"https:\/\/notitodo.com.mx\/wp\/pide-gobernador-apoyo-de-alcaldesas-y-alcaldes-para-que-se-cumplan-restricciones-sanitarias\/","title":{"rendered":"Pide Gobernador apoyo de alcaldesas y alcaldes para que se cumplan restricciones sanitarias"},"content":{"rendered":"<p>Durante la entrega de unidades de seguridad p\u00fablica a los ayuntamientos, propone a las presidencias municipales aplicar arrestos y multas a quien no porte cubrebocas, organice fiestas y no respete las medidas de contenci\u00f3n<\/p>\n<p>\u201cChihuahua no tiene otras manos que las de nosotros, sus autoridades locales y estatales.<!--more--> Asumamos esa tarea con responsabilidad\u201d, exhorta<\/p>\n<p>El gobernador Javier Corral Jurado pidi\u00f3 la ayuda de alcaldesas y alcaldes para hacer cumplir en sus localidades, las normas sanitarias para contener la pandemia de COVID-19, frente el repunte que ha cobrado en las \u00faltimas dos semanas.<\/p>\n<p>\u201cNo nos hagamos de la vista gorda, no es momento de continuar la apertura de las actividades, ni de permitir carreras de caballos, fiestas, por m\u00e1s que la gente ya quiera ir a la fiesta patronal, a la feria\u201d, se\u00f1al\u00f3 durante la entrega de unidades de seguridad p\u00fablica a los ayuntamientos.<\/p>\n<p>El mandatario estatal dijo estar muy preocupado por el reporte de un aumento de casi el 40 por ciento de incidencias relacionadas con la enfermedad, en el estado, ya que tanto los recursos como el personal de salud est\u00e1n mermados y exhaustos.<\/p>\n<p>\u201cNo solamente las enfermeras, sino los m\u00e9dicos, los intensivistas, los propios directivos de los hospitales que est\u00e1n al frente de las unidades, ya est\u00e1n francamente agotados y algunos de ellos desesperados\u201d, expuso.<\/p>\n<p>Observ\u00f3 que las \u00faltimas dos semanas han sido las m\u00e1s dif\u00edciles de toda la pandemia para Chihuahua, pues se han disparado varios de los indicadores con que se eval\u00faa el riesgo COVID: tasa de transmisi\u00f3n, tasa de hospitalizaci\u00f3n, porcentaje y promedio, y la tasa de intubaci\u00f3n.<\/p>\n<p>\u201cY particularmente el indicador que m\u00e1s me preocupa, por supuesto porque tiene que ver con la p\u00e9rdida de vidas humanas, es el indicador de defunciones, que est\u00e1 vinculado a la hospitalizaci\u00f3n en \u00e1rea de cuidado intensivo\u201d, expres\u00f3.<\/p>\n<p>Comparti\u00f3 que esta semana, el sector salud sufri\u00f3 la falta de disponibilidad de camas de hospital, y se debieron habilitar en \u00e1reas de urgencias para dar salida a enfermos en piso, e incluso se solicit\u00f3 el apoyo de la Comandancia Militar para albergar a pacientes en el Hospital Militar.<\/p>\n<p>\u201cYo necesito del apoyo de las alcaldesas y de los alcaldes de Chihuahua para hacer que se cumplan las normas sanitarias y de control sanitario en el estado. Chihuahua no tiene otras manos que las de nosotros, sus autoridades locales y estatales. Asumamos esa tarea con responsabilidad\u201d, exhort\u00f3.<\/p>\n<p>El gobernador propuso que los ayuntamientos apliquen el arresto administrativo a quienes organicen fiestas que superen las capacidades permitidas.<\/p>\n<p>A\u00f1adi\u00f3 que el Gobierno del Estado tambi\u00e9n considera la posibilidad de sancionar econ\u00f3micamente a personas que no utilicen un cubrebocas durante las reuniones laborales y sociales.<\/p>\n<p>\u201cPara ello lo tendr\u00edamos que decretar formalmente en ley y no s\u00f3lo en el lineamiento, como de uso obligatorio. En el estado de Chihuahua, les recuerdo que el decreto establece el cubrebocas de uso obligatorio\u201d, advirti\u00f3.<\/p>\n<p>Coment\u00f3 que si bien es inc\u00f3modo utilizar un cubrebocas, es el principal ant\u00eddoto contra el contagio, las alcaldesas y los alcaldes deben orientar a sus poblaciones sobre c\u00f3mo usarlo y mantenerlo puesto, junto con la conservaci\u00f3n de la sana distancia y la higiene personal.<\/p>\n<p>\u201cNo tenemos de otra, y van a tener que ayudarnos, y van a tener que apoyarnos a restablecer, si no se puede la conciencia de responsabilidad social, el orden de solidaridad y el respeto hacia los dem\u00e1s\u201d, recalc\u00f3.<\/p>\n<p>Lo anterior \u2013agreg\u00f3-, sobre todo las fiestas, bares, cantinas, salones de fiesta y de baile, porque ah\u00ed es ah\u00ed donde m\u00e1s se relaja el ambiente pero no se cumplen las medidas preventivas: \u201cQueremos seguir como si estuvi\u00e9ramos antes y ya nada nada volver\u00e1 a ser igual\u201d.<\/p>\n<p>El gobernador cuestion\u00f3 la poca responsabilidad social que mostr\u00f3 gran parte de la ciudadan\u00eda cuando se avanz\u00f3 al sem\u00e1foro amarillo, pues la gente se sinti\u00f3 en verde y \u201ctodo mundo regres\u00f3 a las fiestas y a las carnes asadas los domingos, y empezaron incluso en los bares, el karaoke\u201d.<\/p>\n<p>Anunci\u00f3 que en envi\u00f3 a la Fiscal\u00eda General del Estado y a la Secretar\u00eda de Gobierno, evidencia que \u00e9l mismo detect\u00f3 en Facebook, sobre convocatorias a ese tipo de eventos que hicieron bares y cantinas, para que les sean canceladas sus autorizaciones para operar.<\/p>\n<p>Mencion\u00f3 que, como gobernador, desde muy temprano diariamente se comunica directamente con las y los directores de los hospitales COVID para conocer la ocupaci\u00f3n hospitalaria y lo que se requiere en insumos, materiales de curaci\u00f3n y de protecci\u00f3n personal, al igual que de medicamentos.<\/p>\n<p>\u201cHemos tenido dos fines de semana sin sue\u00f1o, sin posibilidad de pegar el ojo, por saber que se est\u00e1n superando las capacidades de nuestras instituciones de salud\u201d, coment\u00f3.<\/p>\n<p>Indic\u00f3 que cada vez sabemos de m\u00e1s casos cercanos, de amigos, familiares, colaboradores, vecinos, que se han contagiado o han fallecido de COVID-19.<\/p>\n<p>\u201cNo somos capaces ni de cuidarnos nosotros mismos y creemos que violentando las reglas sanitarias, las restricciones de horarios, de aforos, es que no nos conformamos s\u00f3lo con mantener por lo visto el negocio\u201d, expres\u00f3.<\/p>\n<p>Javier Corral adelant\u00f3 que es muy probable que antes que aplicar medidas de mayor restricci\u00f3n de la movilidad, el Estado decrete un retroceso al sem\u00e1foro rojo en las pr\u00f3ximas semanas.<\/p>\n<p>\u201cLe\u00eda una nota que esta ma\u00f1ana en El Heraldo de Chihuahua, diciendo que el 75% de quienes entran a intubaci\u00f3n dif\u00edcilmente la libran. As\u00ed es. O nos ponemos las pilas, o vamos a tener un problema serio\u201d, destac\u00f3.<\/p>\n","protected":false},"excerpt":{"rendered":"<p>Durante la entrega de unidades de seguridad p\u00fablica a los ayuntamientos, propone a las presidencias municipales aplicar arrestos y multas a quien no porte cubrebocas, organice fiestas y no respete las medidas de contenci\u00f3n \u201cChihuahua no tiene otras manos que las de nosotros, sus autoridades locales y estatales.<\/p>\n","protected":false},"author":5,"featured_media":89502,"comment_status":"closed","ping_status":"open","sticky":false,"template":"","format":"standard","meta":{"footnotes":""},"categories":[7],"tags":[],"class_list":["post-89503","post","type-post","status-publish","format-standard","has-post-thumbnail","hentry","category-estatales"],"views":31,"_links":{"self":[{"href":"https:\/\/notitodo.com.mx\/wp\/wp-json\/wp\/v2\/posts\/89503","targetHints":{"allow":["GET"]}}],"collection":[{"href":"https:\/\/notitodo.com.mx\/wp\/wp-json\/wp\/v2\/posts"}],"about":[{"href":"https:\/\/notitodo.com.mx\/wp\/wp-json\/wp\/v2\/types\/post"}],"author":[{"embeddable":true,"href":"https:\/\/notitodo.com.mx\/wp\/wp-json\/wp\/v2\/users\/5"}],"replies":[{"embeddable":true,"href":"https:\/\/notitodo.com.mx\/wp\/wp-json\/wp\/v2\/comments?post=89503"}],"version-history":[{"count":1,"href":"https:\/\/notitodo.com.mx\/wp\/wp-json\/wp\/v2\/posts\/89503\/revisions"}],"predecessor-version":[{"id":89506,"href":"https:\/\/notitodo.com.mx\/wp\/wp-json\/wp\/v2\/posts\/89503\/revisions\/89506"}],"wp:featuredmedia":[{"embeddable":true,"href":"https:\/\/notitodo.com.mx\/wp\/wp-json\/wp\/v2\/media\/89502"}],"wp:attachment":[{"href":"https:\/\/notitodo.com.mx\/wp\/wp-json\/wp\/v2\/media?parent=89503"}],"wp:term":[{"taxonomy":"category","embeddable":true,"href":"https:\/\/notitodo.com.mx\/wp\/wp-json\/wp\/v2\/categories?post=89503"},{"taxonomy":"post_tag","embeddable":true,"href":"https:\/\/notitodo.com.mx\/wp\/wp-json\/wp\/v2\/tags?post=89503"}],"curies":[{"name":"wp","href":"https:\/\/api.w.org\/{rel}","templated":true}]}}