{"id":86342,"date":"2020-07-28T05:39:20","date_gmt":"2020-07-28T05:39:20","guid":{"rendered":"https:\/\/notitodo.com.mx\/wp\/?p=86342"},"modified":"2020-07-28T05:39:20","modified_gmt":"2020-07-28T05:39:20","slug":"buscan-a-nina-de-10-anos-desparecida-tras-paso-de-hanna","status":"publish","type":"post","link":"https:\/\/notitodo.com.mx\/wp\/buscan-a-nina-de-10-anos-desparecida-tras-paso-de-hanna\/","title":{"rendered":"Buscan a ni\u00f1a de 10 a\u00f1os desparecida tras paso de \u2018Hanna\u2019"},"content":{"rendered":"<p>Elementos de la Polic\u00eda Municipal, Protecci\u00f3n Civil y Bomberos de Ramos Arizpe, mantienen la b\u00fasqueda de una menor de 10 a\u00f1os de edad identificada como Lluvia.<\/p>\n<p>La ni\u00f1a est\u00e1 desaparecida desde el domingo, tras ser arrastrada por la corriente que fue provocada por &#8220;Hanna&#8221; en Arteaga.<\/p>\n<p>A las acciones de b\u00fasqueda se sumaron agentes de la Comisi\u00f3n de Seguridad y Protecci\u00f3n Ciudadana de Saltillo. Son 5 polic\u00edas de la Unidad Canina K9 y tres perros, Fantasma, Rambo y Bebeto. Tambi\u00e9n participa la<\/p>\n<p><!--more--><\/p>\n<p>Unidad M\u00f3vil del Centro de Control y Comand\u00f3 equipada con drones y c\u00e1maras. As\u00ed como nueve elementos del equipo t\u00e1ctico de la Polic\u00eda Municipal. Y por parte de Protecci\u00f3n Civil son cinco elementos y dos perros.<\/p>\n<p>Los agentes recorren el arroyo a la altura del paso del \u00e1guila, en Ramos Arizpe.<\/p>\n<p>La peque\u00f1a viajaba en una camioneta con la familia del ejido Landeros de Ramos Arizpe, que fue arrastrada por la corriente. Fue la madre de Lluvia quien denunci\u00f3 que su peque\u00f1a se encontraba desaparecida. fuente: excelsior<\/p>\n","protected":false},"excerpt":{"rendered":"<p>Elementos de la Polic\u00eda Municipal, Protecci\u00f3n Civil y Bomberos de Ramos Arizpe, mantienen la b\u00fasqueda de una menor de 10 a\u00f1os de edad identificada como Lluvia. La ni\u00f1a est\u00e1 desaparecida desde el domingo, tras ser arrastrada por la corriente que fue provocada por &#8220;Hanna&#8221; en Arteaga. A las acciones de b\u00fasqueda se sumaron agentes de [&hellip;]<\/p>\n","protected":false},"author":5,"featured_media":86344,"comment_status":"closed","ping_status":"open","sticky":false,"template":"","format":"standard","meta":{"footnotes":""},"categories":[6],"tags":[],"class_list":["post-86342","post","type-post","status-publish","format-standard","has-post-thumbnail","hentry","category-nacionales"],"views":26,"_links":{"self":[{"href":"https:\/\/notitodo.com.mx\/wp\/wp-json\/wp\/v2\/posts\/86342","targetHints":{"allow":["GET"]}}],"collection":[{"href":"https:\/\/notitodo.com.mx\/wp\/wp-json\/wp\/v2\/posts"}],"about":[{"href":"https:\/\/notitodo.com.mx\/wp\/wp-json\/wp\/v2\/types\/post"}],"author":[{"embeddable":true,"href":"https:\/\/notitodo.com.mx\/wp\/wp-json\/wp\/v2\/users\/5"}],"replies":[{"embeddable":true,"href":"https:\/\/notitodo.com.mx\/wp\/wp-json\/wp\/v2\/comments?post=86342"}],"version-history":[{"count":1,"href":"https:\/\/notitodo.com.mx\/wp\/wp-json\/wp\/v2\/posts\/86342\/revisions"}],"predecessor-version":[{"id":86345,"href":"https:\/\/notitodo.com.mx\/wp\/wp-json\/wp\/v2\/posts\/86342\/revisions\/86345"}],"wp:featuredmedia":[{"embeddable":true,"href":"https:\/\/notitodo.com.mx\/wp\/wp-json\/wp\/v2\/media\/86344"}],"wp:attachment":[{"href":"https:\/\/notitodo.com.mx\/wp\/wp-json\/wp\/v2\/media?parent=86342"}],"wp:term":[{"taxonomy":"category","embeddable":true,"href":"https:\/\/notitodo.com.mx\/wp\/wp-json\/wp\/v2\/categories?post=86342"},{"taxonomy":"post_tag","embeddable":true,"href":"https:\/\/notitodo.com.mx\/wp\/wp-json\/wp\/v2\/tags?post=86342"}],"curies":[{"name":"wp","href":"https:\/\/api.w.org\/{rel}","templated":true}]}}