{"id":85165,"date":"2020-07-07T04:26:21","date_gmt":"2020-07-07T04:26:21","guid":{"rendered":"https:\/\/notitodo.com.mx\/wp\/?p=85165"},"modified":"2020-07-07T04:26:21","modified_gmt":"2020-07-07T04:26:21","slug":"pospone-alvaro-obregon-feria-de-las-flores-de-san-angel","status":"publish","type":"post","link":"https:\/\/notitodo.com.mx\/wp\/pospone-alvaro-obregon-feria-de-las-flores-de-san-angel\/","title":{"rendered":"Pospone \u00c1lvaro Obreg\u00f3n Feria de las Flores de San \u00c1ngel"},"content":{"rendered":"<p>La alcald\u00eda \u00c1lvaro Obreg\u00f3n acord\u00f3 posponer hasta nuevo aviso la edici\u00f3n 163 de la tradicional Feria de las Flores de San \u00c1ngel, a realizarse del 11 al 19 de julio pr\u00f3ximo, debido a la pandemia de coronavirus que afecta al pa\u00eds.<\/p>\n<p>La feria se realizar\u00e1 una vez que existan las condiciones necesarias para su realizaci\u00f3n.<\/p>\n<p>Te puede interesar: Anuncian medidas para apertura de plazas comerciales y tiendas departamentales<\/p>\n<p>La alcald\u00eda \u00c1lvaro Obreg\u00f3n se\u00f1al\u00f3 que valora la importancia de un evento arraigado en las<\/p>\n<p><!--more--><\/p>\n<p>creencias, costumbres y tradiciones ancestrales de los habitantes del emblem\u00e1tico barrio de San \u00c1ngel y se enorgullece de su gran valor hist\u00f3rico, cultural y comercial.<\/p>\n<p>La Feria de las Flores de San \u00c1ngel, se lleva a cabo desde 1857 y cada a\u00f1o, San \u00c1ngel se convierte en anfitri\u00f3n de miles de personas, que asisten con el objetivo de crear y compartir experiencias \u00fanicas, que son posibles gracias a la convivencia en su espacio p\u00fablico.<\/p>\n<p>Te puede interesar: Si suben casos activos de Covid-19, habr\u00eda que reforzar estrategia: Sheinbaum<\/p>\n<p>Autoridades de la alcald\u00eda \u00c1lvaro Obreg\u00f3n, encabezada por Layda Sansores, mantienen la esperanza y, aunque otras posibilidades de realizaci\u00f3n de la Feria se han presentado, est\u00e1n conscientes de la imposibilidad de avalar algo menor, a los est\u00e1ndares alcanzados por un acontecimiento de tal magnitud y simbolismo.<\/p>\n<p>Mantener las tradiciones culturales en la demarcaci\u00f3n es de vital importancia para esta administraci\u00f3n, as\u00ed como lo es la seguridad sanitaria e integridad f\u00edsica de los obregonenses; por ello, y en el \u00e1nimo de proteger la salud y bienestar de habitantes, organizadores del evento y turismo en general, Sansores estim\u00f3 pertinente postergar hasta nuevo aviso el evento. fuente: excelsior<\/p>\n","protected":false},"excerpt":{"rendered":"<p>La alcald\u00eda \u00c1lvaro Obreg\u00f3n acord\u00f3 posponer hasta nuevo aviso la edici\u00f3n 163 de la tradicional Feria de las Flores de San \u00c1ngel, a realizarse del 11 al 19 de julio pr\u00f3ximo, debido a la pandemia de coronavirus que afecta al pa\u00eds. La feria se realizar\u00e1 una vez que existan las condiciones necesarias para su realizaci\u00f3n. [&hellip;]<\/p>\n","protected":false},"author":5,"featured_media":85167,"comment_status":"closed","ping_status":"open","sticky":false,"template":"","format":"standard","meta":{"footnotes":""},"categories":[6],"tags":[],"class_list":["post-85165","post","type-post","status-publish","format-standard","has-post-thumbnail","hentry","category-nacionales"],"views":57,"_links":{"self":[{"href":"https:\/\/notitodo.com.mx\/wp\/wp-json\/wp\/v2\/posts\/85165","targetHints":{"allow":["GET"]}}],"collection":[{"href":"https:\/\/notitodo.com.mx\/wp\/wp-json\/wp\/v2\/posts"}],"about":[{"href":"https:\/\/notitodo.com.mx\/wp\/wp-json\/wp\/v2\/types\/post"}],"author":[{"embeddable":true,"href":"https:\/\/notitodo.com.mx\/wp\/wp-json\/wp\/v2\/users\/5"}],"replies":[{"embeddable":true,"href":"https:\/\/notitodo.com.mx\/wp\/wp-json\/wp\/v2\/comments?post=85165"}],"version-history":[{"count":1,"href":"https:\/\/notitodo.com.mx\/wp\/wp-json\/wp\/v2\/posts\/85165\/revisions"}],"predecessor-version":[{"id":85168,"href":"https:\/\/notitodo.com.mx\/wp\/wp-json\/wp\/v2\/posts\/85165\/revisions\/85168"}],"wp:featuredmedia":[{"embeddable":true,"href":"https:\/\/notitodo.com.mx\/wp\/wp-json\/wp\/v2\/media\/85167"}],"wp:attachment":[{"href":"https:\/\/notitodo.com.mx\/wp\/wp-json\/wp\/v2\/media?parent=85165"}],"wp:term":[{"taxonomy":"category","embeddable":true,"href":"https:\/\/notitodo.com.mx\/wp\/wp-json\/wp\/v2\/categories?post=85165"},{"taxonomy":"post_tag","embeddable":true,"href":"https:\/\/notitodo.com.mx\/wp\/wp-json\/wp\/v2\/tags?post=85165"}],"curies":[{"name":"wp","href":"https:\/\/api.w.org\/{rel}","templated":true}]}}