{"id":84895,"date":"2020-07-04T05:12:17","date_gmt":"2020-07-04T05:12:17","guid":{"rendered":"https:\/\/notitodo.com.mx\/wp\/?p=84895"},"modified":"2020-07-04T05:12:17","modified_gmt":"2020-07-04T05:12:17","slug":"covid-19-pega-a-gobernadores-suman-5","status":"publish","type":"post","link":"https:\/\/notitodo.com.mx\/wp\/covid-19-pega-a-gobernadores-suman-5\/","title":{"rendered":"Covid-19 pega a gobernadores\u2026 suman 5"},"content":{"rendered":"<p>En la lista de pacientes afectados por coronavirus est\u00e1n cinco gobernadores. Omar Fayad, de Hidalgo; Ad\u00e1n Augusto L\u00f3pez Hern\u00e1ndez, de Tabasco; Francisco Dom\u00ednguez Servi\u00e9n, de Quer\u00e9taro; H\u00e9ctor Antonio Astudillo Flores, de Guerrero y Francisco Garc\u00eda Cabeza de Vaca, de Tamaulipas, integran la lista de positivos a Covid-19.<\/p>\n<p>HIDALGO<\/p>\n<p>El pasado 28 de marzo, el mandatario hidalguense Omar Fayad dio a conocer que se encontraba en cuarentena tras haber dado positivo a SARS-COV2.<\/p>\n<p>&nbsp;<\/p>\n<p>Fayad se\u00f1al\u00f3 que las primeras 72 horas \u201ces terrible\u201d; record\u00f3 que present\u00f3 temperaturas 41 grados con la que<\/p>\n<p><!--more--><\/p>\n<p>deliraba, adem\u00e1s de dolores en el cuerpo todo, incluyendo el pelo, las u\u00f1as, la cabeza, los ojos.<\/p>\n<p>El 23 de abril anunci\u00f3 que hab\u00eda vencido al Covid-19.<\/p>\n<p>Hoy regreso a todas mis actividades de trabajo, ya fui dado de alta por #COVID19; despu\u00e9s de m\u00e1s de 25 d\u00edas sal\u00ed negativo en las pruebas PCR del Laboratorio de @Salud_Hidalgo y del Instituto de Diagn\u00f3stico y Referencia Epidemiol\u00f3gicos #InDRE de @SSalud_mx. \u00a1Hidalgo no se detiene!\u201d.<\/p>\n<p>TABASCO<\/p>\n<p>El 29 de marzo, el gobernador Ad\u00e1n Augusto L\u00f3pez Hern\u00e1ndez despert\u00f3 a los tabasque\u00f1os con una noticia: Dio positivo a Covid-19. \u201c\u2026les informo que el d\u00eda de ayer me practiqu\u00e9 la prueba del Covid-19 y me acaban de notificar que el resultado es positivo\u201d, se\u00f1al\u00f3 en su cuenta de Twittter.<\/p>\n<p>Gobernador de Tamaulipas da positivo a Covid-19<\/p>\n<p>Indic\u00f3 que permanecer\u00eda en casa en cuarentena y observaci\u00f3n. \u201cDesde aqu\u00ed seguiremos trabajando para que Tabasco pueda superar esta crisis\u201d.<\/p>\n<p>El mandatario permaneci\u00f3 m\u00e1s de un mes en observaci\u00f3n, hasta que el 4 de mayo, dio a conocer:<\/p>\n<p>Les comparto que tras realizarme una nueva prueba del Covid esta result\u00f3 negativa, por lo que he recibido el alta m\u00e9dica luego de 35 d\u00edas en aislamiento y seguir los protocolos sanitarios. Agradezco su solidaridad, sus muestras de cari\u00f1o y buenos deseos. \u00a1Tabasco saldr\u00e1 adelante!\u201d.<\/p>\n<p>QUER\u00c9TARO<\/p>\n<p>El 30 de marzo dio a conocer el gobernador de Quer\u00e9taro, Francisco Dom\u00ednguez Servi\u00e9n, que hab\u00eda dado positivo al coronavirus.<\/p>\n<p>Les informo que este fin de semana inici\u00e9 con s\u00edntomas compatibles con el #COVID19, por lo que acud\u00ed al servicio m\u00e9dico de salud p\u00fablica a realizarme la prueba correspondiente\u201d.<\/p>\n<p>Dijo que \u201cen lo inmediato, he instruido a mi equipo de trabajo que la actividad se intensifique y el distanciamiento social se garantice\u201d.<\/p>\n<p>Tras 14 d\u00edas de aislamiento, el mandatario queretano fue dado de alta. El pasado 11 de abril, la directora estatal de los Servicios de Salud estatales, Martina P\u00e9rez Rend\u00f3n, confirm\u00f3 que el s\u00e1bado anterior ya hab\u00eda sido del alta el gobernador, por lo que manteniendo la Sana Distancia se reincorporar\u00eda a las actividades.<\/p>\n<p>GUERRERO<\/p>\n<p>El 9 de junio, el gobernador de Guerrero, H\u00e9ctor Astudillo, indic\u00f3 a trav\u00e9s de un video que hab\u00eda dado positivo a Covid-19.<\/p>\n<p>Tengo una informaci\u00f3n muy importante que compartir con ustedes, les informo que la prueba que me practiqu\u00e9 del COVID19 ha resultado positiva\u201d.<\/p>\n<p>Se\u00f1al\u00f3 que deb\u00eda acatar \u201cuna serie de recomendaciones m\u00e9dicas, de protocolos y seguir\u00e9 d\u00e1ndole atenci\u00f3n a todos los asuntos de mi querido estado de Guerrero a trav\u00e9s de los mecanismos que hemos utilizado en los \u00faltimos d\u00edas virtualmente\u201d.<\/p>\n<p>Astudillo estuvo en cuarentena por 21 d\u00edas; el pasado 29 de junio inform\u00f3: \u201cYa no tengo Covid-19\u201d<\/p>\n<p>Y mencion\u00f3 que los 21 d\u00edas le sirvieron para cuidarse, medicarse y \u201ctomar todas las recomendaciones medicas, aunque nunca dej\u00e9 de trabajar y siempre tuve dos o tres actividades al d\u00eda, en algunas ocasiones hasta cinco o seis\u201d.<\/p>\n<p>TAMAULIPAS<\/p>\n<p>El gobernador de Tamaulipas, Francisco Garc\u00eda Cabeza de Vaca, dio positivo a coronavirus.<\/p>\n<p>Me permito informarles que he dado positivo a la prueba de #COVID19\u201d, inform\u00f3 a trav\u00e9s de su cuenta de Twitter.<\/p>\n<p>Por lo que \u201ca partir de este momento, desde casa, estar\u00e9 siguiendo las indicaciones de la Secretar\u00eda de Salud del estado y desde aqu\u00ed seguir\u00e9 trabajando. #Qu\u00e9dateEnCasa\u201d.<\/p>\n<p>Indic\u00f3 que implement\u00f3 medidas de comunicaci\u00f3n con su gabinete de Salud, Seguridad, Econom\u00eda y Bienestar para continuar trabajando y atendiendo las prioridades de nuestro estado.<\/p>\n<p>Como lo inform\u00e9 ayer, Tamaulipas atraviesa por un momento cr\u00edtico de contagios. #Qu\u00e9dateEnCasa\u201d. fuente: excelsior<\/p>\n","protected":false},"excerpt":{"rendered":"<p>En la lista de pacientes afectados por coronavirus est\u00e1n cinco gobernadores. Omar Fayad, de Hidalgo; Ad\u00e1n Augusto L\u00f3pez Hern\u00e1ndez, de Tabasco; Francisco Dom\u00ednguez Servi\u00e9n, de Quer\u00e9taro; H\u00e9ctor Antonio Astudillo Flores, de Guerrero y Francisco Garc\u00eda Cabeza de Vaca, de Tamaulipas, integran la lista de positivos a Covid-19. HIDALGO El pasado 28 de marzo, el mandatario [&hellip;]<\/p>\n","protected":false},"author":5,"featured_media":84897,"comment_status":"closed","ping_status":"open","sticky":false,"template":"","format":"standard","meta":{"footnotes":""},"categories":[6],"tags":[],"class_list":["post-84895","post","type-post","status-publish","format-standard","has-post-thumbnail","hentry","category-nacionales"],"views":25,"_links":{"self":[{"href":"https:\/\/notitodo.com.mx\/wp\/wp-json\/wp\/v2\/posts\/84895","targetHints":{"allow":["GET"]}}],"collection":[{"href":"https:\/\/notitodo.com.mx\/wp\/wp-json\/wp\/v2\/posts"}],"about":[{"href":"https:\/\/notitodo.com.mx\/wp\/wp-json\/wp\/v2\/types\/post"}],"author":[{"embeddable":true,"href":"https:\/\/notitodo.com.mx\/wp\/wp-json\/wp\/v2\/users\/5"}],"replies":[{"embeddable":true,"href":"https:\/\/notitodo.com.mx\/wp\/wp-json\/wp\/v2\/comments?post=84895"}],"version-history":[{"count":1,"href":"https:\/\/notitodo.com.mx\/wp\/wp-json\/wp\/v2\/posts\/84895\/revisions"}],"predecessor-version":[{"id":84898,"href":"https:\/\/notitodo.com.mx\/wp\/wp-json\/wp\/v2\/posts\/84895\/revisions\/84898"}],"wp:featuredmedia":[{"embeddable":true,"href":"https:\/\/notitodo.com.mx\/wp\/wp-json\/wp\/v2\/media\/84897"}],"wp:attachment":[{"href":"https:\/\/notitodo.com.mx\/wp\/wp-json\/wp\/v2\/media?parent=84895"}],"wp:term":[{"taxonomy":"category","embeddable":true,"href":"https:\/\/notitodo.com.mx\/wp\/wp-json\/wp\/v2\/categories?post=84895"},{"taxonomy":"post_tag","embeddable":true,"href":"https:\/\/notitodo.com.mx\/wp\/wp-json\/wp\/v2\/tags?post=84895"}],"curies":[{"name":"wp","href":"https:\/\/api.w.org\/{rel}","templated":true}]}}