{"id":83955,"date":"2020-06-25T07:30:30","date_gmt":"2020-06-25T07:30:30","guid":{"rendered":"https:\/\/notitodo.com.mx\/wp\/?p=83955"},"modified":"2020-06-25T07:30:30","modified_gmt":"2020-06-25T07:30:30","slug":"reunion-entre-lopez-obrador-y-trump-responde-a-estrategia-diplomatica-sre","status":"publish","type":"post","link":"https:\/\/notitodo.com.mx\/wp\/reunion-entre-lopez-obrador-y-trump-responde-a-estrategia-diplomatica-sre\/","title":{"rendered":"Reuni\u00f3n entre L\u00f3pez Obrador y Trump responde a estrategia diplom\u00e1tica: SRE"},"content":{"rendered":"<p>El director para Am\u00e9rica del Norte de la Secretar\u00eda de Relaciones Exteriores (SRE), Roberto Velasco, rechaz\u00f3 que la visita que planea realizar el presidente Andr\u00e9s Manuel L\u00f3pez Obrador a Estados Unidos para reunirse con su hom\u00f3logo Donald Trump y el Primer Ministro de Canad\u00e1, Justin Trudeau, se trate de una decisi\u00f3n improvisada.<\/p>\n<p>Responde, dijo, a una amplia estrategia diplom\u00e1tica que comenz\u00f3 desde la transici\u00f3n de 2018, en la que el gobierno entrante respald\u00f3 y reactiv\u00f3 una negociaci\u00f3n que hab\u00eda llegado a un impasse.<\/p>\n<p>\u201cSimboliza la importancia que M\u00e9xico presta a dos temas fundamentales: el T-MEC y la cooperaci\u00f3n con<\/p>\n<p><!--more--><\/p>\n<p>nuestros socios norteamericanos, vital para la recuperaci\u00f3n econ\u00f3mica y la promoci\u00f3n de inversi\u00f3n\u201d, destac\u00f3 a trav\u00e9s de Twitter.<\/p>\n<p>Subray\u00f3 que el Tratado M\u00e9xico, Estados Unidos y Canad\u00e1 resulta un acuerdo fundamental para nuestro pa\u00eds y para la regi\u00f3n, \u201cel tratado internacional de mayor relevancia en los pr\u00f3ximos a\u00f1os o, incluso, d\u00e9cadas\u201d.<\/p>\n<p>El exvocero de la Canciller\u00eda afirm\u00f3 que \u201cen momentos de escasez global de insumos vitales para combatir el Covid-19, Estados Unidos mostr\u00f3 su solidaridad con M\u00e9xico\u201d.<\/p>\n<p>\u201cGracias a la cooperaci\u00f3n bilateral hemos podido traer ventiladores y mascarillas de muy alta calidad, a precios incluso menores a los del mercado internacional\u201d<\/p>\n<p>La intenci\u00f3n, precis\u00f3, es seguir tendiendo puentes de diplomacia con las naciones y socios de M\u00e9xico sin involucrarse en procesos pol\u00edticos internos como el que vive el vecino del norte con elecciones en noviembre pr\u00f3ximo y en las cuales participar\u00e1 Donald Trump en busca de su reelecci\u00f3n.<\/p>\n<p>\u201cEl encuentro propuesto por el presidente L\u00f3pez Obrador tiene como objetivo la promoci\u00f3n de nuestros intereses y no se inserta en procesos pol\u00edticos internos de los cuales M\u00e9xico es respetuoso.<\/p>\n<p>\u201cEn momentos en que todos los pa\u00edses padecen por la crisis econ\u00f3mica derivada de la pandemia, M\u00e9xico debe aprovechar todos los instrumentos diplom\u00e1ticos para promover el T-MEC, acuerdo que nos da acceso preferencial al mercado m\u00e1s grande del mundo y que otorga certidumbre econ\u00f3mica\u201d, sostuvo.<\/p>\n<p>La Canciller\u00eda mexicana analiza con el departamento de Estado norteamericano la fecha y el programa del encuentro, debido a que no podr\u00e1 ser el primero de julio debido a que el presidente L\u00f3pez Obrador planea dirigir en M\u00e9xico un mensaje con motivo de los dos a\u00f1os de las elecciones en que gan\u00f3.<\/p>\n<p>Adem\u00e1s, busca convencer al Primer Ministro canadiense de participar en esta reuni\u00f3n que, tentativamente se llevar\u00eda a cabo en la primera semana del pr\u00f3ximo mes y en la Casa Blanca. fuente: excelsior<\/p>\n","protected":false},"excerpt":{"rendered":"<p>El director para Am\u00e9rica del Norte de la Secretar\u00eda de Relaciones Exteriores (SRE), Roberto Velasco, rechaz\u00f3 que la visita que planea realizar el presidente Andr\u00e9s Manuel L\u00f3pez Obrador a Estados Unidos para reunirse con su hom\u00f3logo Donald Trump y el Primer Ministro de Canad\u00e1, Justin Trudeau, se trate de una decisi\u00f3n improvisada. Responde, dijo, a [&hellip;]<\/p>\n","protected":false},"author":5,"featured_media":83957,"comment_status":"closed","ping_status":"open","sticky":false,"template":"","format":"standard","meta":{"footnotes":""},"categories":[6],"tags":[],"class_list":["post-83955","post","type-post","status-publish","format-standard","has-post-thumbnail","hentry","category-nacionales"],"views":28,"_links":{"self":[{"href":"https:\/\/notitodo.com.mx\/wp\/wp-json\/wp\/v2\/posts\/83955","targetHints":{"allow":["GET"]}}],"collection":[{"href":"https:\/\/notitodo.com.mx\/wp\/wp-json\/wp\/v2\/posts"}],"about":[{"href":"https:\/\/notitodo.com.mx\/wp\/wp-json\/wp\/v2\/types\/post"}],"author":[{"embeddable":true,"href":"https:\/\/notitodo.com.mx\/wp\/wp-json\/wp\/v2\/users\/5"}],"replies":[{"embeddable":true,"href":"https:\/\/notitodo.com.mx\/wp\/wp-json\/wp\/v2\/comments?post=83955"}],"version-history":[{"count":1,"href":"https:\/\/notitodo.com.mx\/wp\/wp-json\/wp\/v2\/posts\/83955\/revisions"}],"predecessor-version":[{"id":83958,"href":"https:\/\/notitodo.com.mx\/wp\/wp-json\/wp\/v2\/posts\/83955\/revisions\/83958"}],"wp:featuredmedia":[{"embeddable":true,"href":"https:\/\/notitodo.com.mx\/wp\/wp-json\/wp\/v2\/media\/83957"}],"wp:attachment":[{"href":"https:\/\/notitodo.com.mx\/wp\/wp-json\/wp\/v2\/media?parent=83955"}],"wp:term":[{"taxonomy":"category","embeddable":true,"href":"https:\/\/notitodo.com.mx\/wp\/wp-json\/wp\/v2\/categories?post=83955"},{"taxonomy":"post_tag","embeddable":true,"href":"https:\/\/notitodo.com.mx\/wp\/wp-json\/wp\/v2\/tags?post=83955"}],"curies":[{"name":"wp","href":"https:\/\/api.w.org\/{rel}","templated":true}]}}