{"id":79607,"date":"2020-05-10T04:48:22","date_gmt":"2020-05-10T04:48:22","guid":{"rendered":"https:\/\/notitodo.com.mx\/wp\/?p=79607"},"modified":"2020-05-10T04:48:22","modified_gmt":"2020-05-10T04:48:22","slug":"reordenamiento-de-secretaria-de-seguridad-publica-estatal-en-juarez-favorece-la-prevencion-del-delito-emilio-garcia","status":"publish","type":"post","link":"https:\/\/notitodo.com.mx\/wp\/reordenamiento-de-secretaria-de-seguridad-publica-estatal-en-juarez-favorece-la-prevencion-del-delito-emilio-garcia\/","title":{"rendered":"Reordenamiento de Secretar\u00eda de Seguridad P\u00fablica Estatal en Ju\u00e1rez favorece la prevenci\u00f3n del delito: Emilio Garc\u00eda"},"content":{"rendered":"<p>La integraci\u00f3n de Ricardo Realivazquez a la Direcci\u00f3n General Operativa de la Comisi\u00f3n Estatal de Seguridad P\u00fablica en Ciudad Ju\u00e1rez, forma parte de un reordenamiento de fuerzas que fortalecer\u00e1 el trabajo preventivo y la investigaci\u00f3n policiaca para la prevenci\u00f3n del delito.<!--more--><\/p>\n<p>Lo anterior fue se\u00f1alado por el secretario de Seguridad P\u00fablica Estatal, Emilio Garc\u00eda Ruiz, tras haber designado a Ricardo Realivazquez como titular del Comisi\u00f3n Estatal de Seguridad (CES) en la frontera a partir del d\u00eda de hoy, asumiendo la responsabilidad de la acci\u00f3n policiaca de forma inmediata.<\/p>\n<p>El nuevo director operativo de la CES en Ju\u00e1rez, ocupa el cargo que anteriormente ten\u00eda \u00c1lvaro Cuauht\u00e9moc Serrano Escobedo, quien fue designado el pasado 5 de mayo como encargado de despacho de la Comisi\u00f3n Estatal de Seguridad, dependiente de la Secretar\u00eda de Seguridad P\u00fablica Estatal.<\/p>\n<p>Emilio Garc\u00eda Ruiz explic\u00f3 que el nuevo mando asume la responsabilidad de coordinar las tareas de prevenci\u00f3n y vigilancia en la frontera, adem\u00e1s de implementar estrategias de inteligencia e investigaci\u00f3n, tal y como ha ocurrido en el resto del estado.<\/p>\n<p>Ricardo Realivazquez Dom\u00ednguez, posee una amplia experiencia en el \u00e1rea operativa y de prevenci\u00f3n del delito en la frontera, ya que fue secretario de Seguridad P\u00fablica Municipal a principios de la actual administraci\u00f3n municipal.<\/p>\n","protected":false},"excerpt":{"rendered":"<p>La integraci\u00f3n de Ricardo Realivazquez a la Direcci\u00f3n General Operativa de la Comisi\u00f3n Estatal de Seguridad P\u00fablica en Ciudad Ju\u00e1rez, forma parte de un reordenamiento de fuerzas que fortalecer\u00e1 el trabajo preventivo y la investigaci\u00f3n policiaca para la prevenci\u00f3n del delito.<\/p>\n","protected":false},"author":12,"featured_media":79609,"comment_status":"closed","ping_status":"open","sticky":false,"template":"","format":"standard","meta":{"footnotes":""},"categories":[7],"tags":[],"class_list":["post-79607","post","type-post","status-publish","format-standard","has-post-thumbnail","hentry","category-estatales"],"views":41,"_links":{"self":[{"href":"https:\/\/notitodo.com.mx\/wp\/wp-json\/wp\/v2\/posts\/79607","targetHints":{"allow":["GET"]}}],"collection":[{"href":"https:\/\/notitodo.com.mx\/wp\/wp-json\/wp\/v2\/posts"}],"about":[{"href":"https:\/\/notitodo.com.mx\/wp\/wp-json\/wp\/v2\/types\/post"}],"author":[{"embeddable":true,"href":"https:\/\/notitodo.com.mx\/wp\/wp-json\/wp\/v2\/users\/12"}],"replies":[{"embeddable":true,"href":"https:\/\/notitodo.com.mx\/wp\/wp-json\/wp\/v2\/comments?post=79607"}],"version-history":[{"count":1,"href":"https:\/\/notitodo.com.mx\/wp\/wp-json\/wp\/v2\/posts\/79607\/revisions"}],"predecessor-version":[{"id":79610,"href":"https:\/\/notitodo.com.mx\/wp\/wp-json\/wp\/v2\/posts\/79607\/revisions\/79610"}],"wp:featuredmedia":[{"embeddable":true,"href":"https:\/\/notitodo.com.mx\/wp\/wp-json\/wp\/v2\/media\/79609"}],"wp:attachment":[{"href":"https:\/\/notitodo.com.mx\/wp\/wp-json\/wp\/v2\/media?parent=79607"}],"wp:term":[{"taxonomy":"category","embeddable":true,"href":"https:\/\/notitodo.com.mx\/wp\/wp-json\/wp\/v2\/categories?post=79607"},{"taxonomy":"post_tag","embeddable":true,"href":"https:\/\/notitodo.com.mx\/wp\/wp-json\/wp\/v2\/tags?post=79607"}],"curies":[{"name":"wp","href":"https:\/\/api.w.org\/{rel}","templated":true}]}}