{"id":79587,"date":"2020-05-10T04:21:27","date_gmt":"2020-05-10T04:21:27","guid":{"rendered":"https:\/\/notitodo.com.mx\/wp\/?p=79587"},"modified":"2020-05-10T04:21:27","modified_gmt":"2020-05-10T04:21:27","slug":"lanzan-lideres-de-juarez-reflexivo-mensaje-para-acatar-restricciones-sanitarias","status":"publish","type":"post","link":"https:\/\/notitodo.com.mx\/wp\/lanzan-lideres-de-juarez-reflexivo-mensaje-para-acatar-restricciones-sanitarias\/","title":{"rendered":"Lanzan l\u00edderes de Ju\u00e1rez reflexivo mensaje para acatar restricciones sanitarias"},"content":{"rendered":"<p>\u201cEs preciso reconocer que el coronavirus es algo real, no es un juego ni un fen\u00f3meno que se pueda subestimar, las estad\u00edsticas son duras y cada d\u00eda crecen\u201d: gobernador Javier Corral<\/p>\n<p>L\u00edderes m\u00e9dicos, religiosos, empresariales y sociales, se sumaron al mensaje del gobernador Javier Corral Jurado e hicieron un llamado urgente a los juarenses para que hagan caso a las medidas de restricci\u00f3n, principalmente de quedarse en casa, y con ello se aplane la curva de contagios que en Ciudad Ju\u00e1rez tiene el mayor pico de todo el estado.<\/p>\n<p>Ante la advertencia de que ser\u00e1 mayo el mes con el mayor n\u00famero de<\/p>\n<p><!--more--><\/p>\n<p>contagios y dispersi\u00f3n comunitaria de la enfermedad COVID-19, de acuerdo a las proyecciones del sector salud, piden \u201cdejar de retar a la muerte\u201d al salir de casa innecesariamente.<\/p>\n<p>En el video compartido por el mandatario estatal, tambi\u00e9n particip\u00f3 el alcalde Armando Cabada, quien llam\u00f3 a los juarenses a resistir y enfrentar la pandemia con generosidad y solidaridad, acatando las reglas que marcan las autoridades sanitarias.<\/p>\n<p>Al inicio del mensaje, el gobernador Javier Corral se\u00f1al\u00f3 que \u201cnunca como ahora, mayo hab\u00eda sido un mes de tanto significado en la vida del fronterizo, de los juarenses, de todos nosotros, que hemos vivido tanta adversidades; mayo es el mes del reto, el periodo en el que deberemos vencer a un enemigo invisible, microsc\u00f3pico y letal, que nos ha sumido en la peor pandemia de la que se tenga memoria\u201d.<\/p>\n<p>Se\u00f1al\u00f3 que es preciso reconocer que el coronavirus es algo real, no es un juego ni un fen\u00f3meno que se pueda subestimar, las estad\u00edsticas son duras y cada d\u00eda crecen.<\/p>\n<p>\u201cTenemos que darnos cuenta que lo que est\u00e1 en medio de todo esto son vidas humanas de nuestros hijos, padres, hermanos, vecinos, amigos, que han sufrido los embates de la enfermedad y por la que muchas personas han sido vencidas y ya no est\u00e1n con nosotros\u201d, enfatiz\u00f3.<\/p>\n<p>En el mensaje participan las siguientes personalidades:<\/p>\n<p>Obispo Jos\u00e9 Guadalupe Torres: \u201cHermanos, ante la circunstancia que hoy estamos viviendo, yo los invito a cuidarnos, a permanecer en casa, son momentos dif\u00edciles, lo mejor es sentir la presencia amorosa de Dios que nos cuida. Nos dice Santa Teresa, no tengas miedo, nada te turbe, nada te espante, solo Dios basta. \u00a1Cu\u00eddate! \u00a1Permanece en casa!\u201d.<\/p>\n<p>Pastor Alfonso Murgu\u00eda: \u201cLos que somos y vivimos en Ju\u00e1rez, estamos templados para superar los climas extremosos, las batallas propias y las ajenas, siempre hemos salido victoriosos. Hoy nos toca quiz\u00e1 la m\u00e1s dif\u00edcil, la de enfrentarnos sin conocer al enemigo porque se esconde en la dimensi\u00f3n diminuta de las part\u00edculas, no nos da la cara, por ello es dif\u00edcil de contener\u201d.<\/p>\n<p>Rogelio Gonz\u00e1lez, presidente de Canaco: \u201cVamos a vivir los d\u00edas dif\u00edciles del mes de mayo, d\u00edas que ser\u00e1n eternos y nos har\u00e1n caer en la tentaci\u00f3n de salir a las calles, a los parques, a romper el mandato de las autoridades y a retar a la muerte. \u00a1S\u00ed a la muerte! Porque esto no es juego, es un virus mortal que nos est\u00e1 minando, que cada d\u00eda cobra vidas, vidas de conocidos, de esos que no cre\u00edamos que fuera a afectar.<\/p>\n<p>\u201cHoy esta enfermedad est\u00e1 enlutando nuestra querida frontera, el virus se encuentra rondando los hogares de todas las clases sociales porque no es una enfermedad de ricos o pobres\u201d, Beatriz Ileana P\u00e9rez, subdirectora del Hospital General de Ju\u00e1rez.<\/p>\n<p>\u201cHagamos un recorrido mental de todo lo que hemos vivido en los \u00faltimos a\u00f1os como juarenses, disfrutemos la memoria, los eventos masivos de la X con grandes artistas como Juli\u00f3n \u00c1lvarez, Alondra de la Parra, eventos deportivos como el Marat\u00f3n de Gas Natural, reconocido a nivel mundial. Las noches bajo el alumbrado en el estadio de b\u00e9isbol para ver a los Indios de Ju\u00e1rez en la liga estatal\u201d, Gilberto Cuevas, presidente de Fechac.<\/p>\n<p>\u201cGritar gol en el minuto 90 en el Estadio Ol\u00edmpico Benito Ju\u00e1rez y que a emoci\u00f3n de apodere de nosotros cuando dejamos en la cancha derrotados a los equipos de nuestros queridos Bravos de Ju\u00e1rez. Nuestra mejor temporada qued\u00f3 en receso y a\u00f1oramos volver a ver Rol\u00e1n, a Iv\u00e1n, a Lezcano, a tantas otras figuras que nos hacen vibrar\u201d, \u00c9der Borelli, futbolista profesional.<\/p>\n<p>\u201cProteger nuestra salud ante los riesgos del COVID-19 sigue siendo la prioridad m\u00e1s valiosa, cuidemos que el esfuerzo y el sacrificio de muchos tenga sentido. Los universitarios queremos regresar a las aulas, talleres y laboratorios, que las distintas expresiones de cultura, deporte y el servicio comunitario este presente en todos los lugares de la ciudad, pero hoy estamos en un momento cr\u00edtico, refuerza las medidas de prevenci\u00f3n. Si queremos vernos pronto, hay que dejar vernos, si no tienes la necesidad de salir, qu\u00e9date en casa\u201d, Ignacio Camargo, rector de la UACJ.<\/p>\n<p>\u201cLa gran tarea de las organizaciones de la sociedad civil es ser corresponsables de la paz y armon\u00eda de nuestra comunidad, las organizaciones rechazamos dejar inconclusas nuestras acciones en favor del bien com\u00fan, por eso necesitamos un Ju\u00e1rez vivo, sin que nos faltes t\u00fa. Proponemos seguir ayud\u00e1ndonos unos a los otros y salir adelante a pesar de la adversidad. Deseemos, imaginemos y trabajemos para tener una sociedad con paz y justicia\u201d, Isabel S\u00e1nchez, presidenta de la Mesa de Seguridad.<\/p>\n<p>\u201cTambi\u00e9n la abogac\u00eda reclama a la sociedad el respeto y la observancia de los ordenamientos de la autoridad como permanecer en casa, de no viajar m\u00e1s de dos en un veh\u00edculo, a no acudir a los centros comerciales sin cubrebocas ni m\u00e1s de dos, a cumplir con la sana distancia, todo esto para mantenernos sanos\u201d, Javier Robledo, presidente de la Asociaci\u00f3n Estatal Chihuahua de Colegios de Abogados.<\/p>\n<p>\u201cLibremos juntos, juntas, esta nueva batalla, los juarenses somos implacables contra la adversidad, demostremos que podemos vencer, esta vez con la acci\u00f3n de quedarnos quietos, para evitar enfermar y enfermarnos. Ay\u00fadate y ay\u00fadanos a todos\u201d, Rosario de Santiago, presidenta del Consejo Directivo de Abogadas de Ju\u00e1rez.<\/p>\n<p>\u201cAyudar es la base y la raz\u00f3n de ser de nuestra organizaci\u00f3n, hoy nos toca a todos enfrentar a este terrible mal invencible. Hoy toca enfrentar con el gen de la generosidad a este virus para dejarlo afuera de nuestras casas y de nuestras vidas, hoy toca dar para sobrevivir\u201d, Rosalinda Guadalajara, gobernadora tarahumara.<\/p>\n<p>\u201cLos juarenses hemos prosperado a partir de la nada, con la energ\u00eda de nuestros cuerpos y la luz de nuestros ingenios hemos podido dar seguridad y fortaleza a nuestros hogares y a nuestra comunidad toda. Hoy enfrentamos una amenaza real, que aunque invisible, puede afectar terriblemente a nuestra frontera. Por ti, por los tuyos, por todos, vamos a resistir este mes de mayo. \u00a1Qu\u00e9dense en casa!\u201d, Jorge Contreras, presidente del Consejo Directivo de Ficosec.<\/p>\n<p>\u201cLos rotarios formamos parte de esta maquinaria din\u00e1mica y pujante que es la frontera. Aqu\u00ed, entre gente de bien nos hemos propuesto ayudar por ayudar para hacer de esta comunidad algo m\u00e1s fuerte. El amor nos mueve a respirar, a tomar bocanadas de vida para ser felices. Por eso, enfrentemos la pandemia con generosidad y solidaridad, acatando las reglas que las autoridades sanitarias nos marcan. Por favor resistan, resistamos, qued\u00e9monos en casa\u201d, Tom\u00e1s Dom\u00ednguez, presidente del Club Rotario Ju\u00e1rez Paso del Norte.<\/p>\n<p>Al final, el alcalde Armando Cabada expres\u00f3: \u201c\u00a1Qu\u00e9date en casa! Juarense, esta petici\u00f3n es sana, libre y sentida, en ella nos va la salud, la vida tuya, de los que quieres y la de los que no conoces. Ju\u00e1rez es inicio de la patria e hist\u00f3ricamente custodia de la Rep\u00fablica y en este 2020, es hora de ser ejemplo de todos, de estar unidos y recuperar nuestra salud. Por eso enfrentemos la pandemia con generosidad y solidaridad, acatando las reglas que las autoridades sanitarias nos marcan. \u00a1Por favor! \u00a1Resistan! \u00a1Resistamos! \u00a1Qued\u00e9monos todos en casa\u201d.<\/p>\n<div id='gallery-1' class='gallery galleryid-79587 gallery-columns-3 gallery-size-herald-lay-c1'><figure class='gallery-item'>\n\t\t\t<div class='gallery-icon landscape'>\n\t\t\t\t<a class=\"herald-popup\" href='https:\/\/notitodo.com.mx\/wp\/wp-content\/uploads\/2020\/05\/Eder-Borelli-Bravos-de-Ju\u00e1rez.jpg'><img loading=\"lazy\" decoding=\"async\" width=\"470\" height=\"313\" src=\"https:\/\/notitodo.com.mx\/wp\/wp-content\/uploads\/2020\/05\/Eder-Borelli-Bravos-de-Ju\u00e1rez-470x313.jpg\" class=\"attachment-herald-lay-c1 size-herald-lay-c1\" alt=\"\" srcset=\"https:\/\/notitodo.com.mx\/wp\/wp-content\/uploads\/2020\/05\/Eder-Borelli-Bravos-de-Ju\u00e1rez-470x313.jpg 470w, https:\/\/notitodo.com.mx\/wp\/wp-content\/uploads\/2020\/05\/Eder-Borelli-Bravos-de-Ju\u00e1rez-300x200.jpg 300w, https:\/\/notitodo.com.mx\/wp\/wp-content\/uploads\/2020\/05\/Eder-Borelli-Bravos-de-Ju\u00e1rez-414x276.jpg 414w, https:\/\/notitodo.com.mx\/wp\/wp-content\/uploads\/2020\/05\/Eder-Borelli-Bravos-de-Ju\u00e1rez-130x86.jpg 130w, https:\/\/notitodo.com.mx\/wp\/wp-content\/uploads\/2020\/05\/Eder-Borelli-Bravos-de-Ju\u00e1rez-187x124.jpg 187w\" sizes=\"auto, (max-width: 470px) 100vw, 470px\" \/><\/a>\n\t\t\t<\/div><\/figure><figure class='gallery-item'>\n\t\t\t<div class='gallery-icon landscape'>\n\t\t\t\t<a class=\"herald-popup\" href='https:\/\/notitodo.com.mx\/wp\/wp-content\/uploads\/2020\/05\/Gilberto-Cuevas-Fechac.jpg'><img loading=\"lazy\" decoding=\"async\" width=\"470\" height=\"313\" src=\"https:\/\/notitodo.com.mx\/wp\/wp-content\/uploads\/2020\/05\/Gilberto-Cuevas-Fechac-470x313.jpg\" class=\"attachment-herald-lay-c1 size-herald-lay-c1\" alt=\"\" srcset=\"https:\/\/notitodo.com.mx\/wp\/wp-content\/uploads\/2020\/05\/Gilberto-Cuevas-Fechac-470x313.jpg 470w, https:\/\/notitodo.com.mx\/wp\/wp-content\/uploads\/2020\/05\/Gilberto-Cuevas-Fechac-300x200.jpg 300w, https:\/\/notitodo.com.mx\/wp\/wp-content\/uploads\/2020\/05\/Gilberto-Cuevas-Fechac-414x276.jpg 414w, https:\/\/notitodo.com.mx\/wp\/wp-content\/uploads\/2020\/05\/Gilberto-Cuevas-Fechac-640x426.jpg 640w, https:\/\/notitodo.com.mx\/wp\/wp-content\/uploads\/2020\/05\/Gilberto-Cuevas-Fechac-130x86.jpg 130w, https:\/\/notitodo.com.mx\/wp\/wp-content\/uploads\/2020\/05\/Gilberto-Cuevas-Fechac-187x124.jpg 187w\" sizes=\"auto, (max-width: 470px) 100vw, 470px\" \/><\/a>\n\t\t\t<\/div><\/figure><figure class='gallery-item'>\n\t\t\t<div class='gallery-icon landscape'>\n\t\t\t\t<a class=\"herald-popup\" href='https:\/\/notitodo.com.mx\/wp\/wp-content\/uploads\/2020\/05\/Dra.-Beatriz-Ileana-Subdirectora-H.-General.jpg'><img loading=\"lazy\" decoding=\"async\" width=\"470\" height=\"313\" src=\"https:\/\/notitodo.com.mx\/wp\/wp-content\/uploads\/2020\/05\/Dra.-Beatriz-Ileana-Subdirectora-H.-General-470x313.jpg\" class=\"attachment-herald-lay-c1 size-herald-lay-c1\" alt=\"\" srcset=\"https:\/\/notitodo.com.mx\/wp\/wp-content\/uploads\/2020\/05\/Dra.-Beatriz-Ileana-Subdirectora-H.-General-470x313.jpg 470w, https:\/\/notitodo.com.mx\/wp\/wp-content\/uploads\/2020\/05\/Dra.-Beatriz-Ileana-Subdirectora-H.-General-300x200.jpg 300w, https:\/\/notitodo.com.mx\/wp\/wp-content\/uploads\/2020\/05\/Dra.-Beatriz-Ileana-Subdirectora-H.-General-414x276.jpg 414w, https:\/\/notitodo.com.mx\/wp\/wp-content\/uploads\/2020\/05\/Dra.-Beatriz-Ileana-Subdirectora-H.-General-640x426.jpg 640w, https:\/\/notitodo.com.mx\/wp\/wp-content\/uploads\/2020\/05\/Dra.-Beatriz-Ileana-Subdirectora-H.-General-130x86.jpg 130w, https:\/\/notitodo.com.mx\/wp\/wp-content\/uploads\/2020\/05\/Dra.-Beatriz-Ileana-Subdirectora-H.-General-187x124.jpg 187w\" sizes=\"auto, (max-width: 470px) 100vw, 470px\" \/><\/a>\n\t\t\t<\/div><\/figure><figure class='gallery-item'>\n\t\t\t<div class='gallery-icon landscape'>\n\t\t\t\t<a class=\"herald-popup\" href='https:\/\/notitodo.com.mx\/wp\/wp-content\/uploads\/2020\/05\/Gobernador-Javier-Corral-Jurado.jpg'><img loading=\"lazy\" decoding=\"async\" width=\"470\" height=\"313\" src=\"https:\/\/notitodo.com.mx\/wp\/wp-content\/uploads\/2020\/05\/Gobernador-Javier-Corral-Jurado-470x313.jpg\" class=\"attachment-herald-lay-c1 size-herald-lay-c1\" alt=\"\" srcset=\"https:\/\/notitodo.com.mx\/wp\/wp-content\/uploads\/2020\/05\/Gobernador-Javier-Corral-Jurado-470x313.jpg 470w, https:\/\/notitodo.com.mx\/wp\/wp-content\/uploads\/2020\/05\/Gobernador-Javier-Corral-Jurado-300x200.jpg 300w, https:\/\/notitodo.com.mx\/wp\/wp-content\/uploads\/2020\/05\/Gobernador-Javier-Corral-Jurado-414x276.jpg 414w, https:\/\/notitodo.com.mx\/wp\/wp-content\/uploads\/2020\/05\/Gobernador-Javier-Corral-Jurado-130x86.jpg 130w, https:\/\/notitodo.com.mx\/wp\/wp-content\/uploads\/2020\/05\/Gobernador-Javier-Corral-Jurado-187x124.jpg 187w\" sizes=\"auto, (max-width: 470px) 100vw, 470px\" \/><\/a>\n\t\t\t<\/div><\/figure>\n\t\t<\/div>\n\n","protected":false},"excerpt":{"rendered":"<p>\u201cEs preciso reconocer que el coronavirus es algo real, no es un juego ni un fen\u00f3meno que se pueda subestimar, las estad\u00edsticas son duras y cada d\u00eda crecen\u201d: gobernador Javier Corral L\u00edderes m\u00e9dicos, religiosos, empresariales y sociales, se sumaron al mensaje del gobernador Javier Corral Jurado e hicieron un llamado urgente a los juarenses para [&hellip;]<\/p>\n","protected":false},"author":5,"featured_media":79589,"comment_status":"closed","ping_status":"open","sticky":false,"template":"","format":"standard","meta":{"footnotes":""},"categories":[7],"tags":[],"class_list":["post-79587","post","type-post","status-publish","format-standard","has-post-thumbnail","hentry","category-estatales"],"views":29,"_links":{"self":[{"href":"https:\/\/notitodo.com.mx\/wp\/wp-json\/wp\/v2\/posts\/79587","targetHints":{"allow":["GET"]}}],"collection":[{"href":"https:\/\/notitodo.com.mx\/wp\/wp-json\/wp\/v2\/posts"}],"about":[{"href":"https:\/\/notitodo.com.mx\/wp\/wp-json\/wp\/v2\/types\/post"}],"author":[{"embeddable":true,"href":"https:\/\/notitodo.com.mx\/wp\/wp-json\/wp\/v2\/users\/5"}],"replies":[{"embeddable":true,"href":"https:\/\/notitodo.com.mx\/wp\/wp-json\/wp\/v2\/comments?post=79587"}],"version-history":[{"count":1,"href":"https:\/\/notitodo.com.mx\/wp\/wp-json\/wp\/v2\/posts\/79587\/revisions"}],"predecessor-version":[{"id":79594,"href":"https:\/\/notitodo.com.mx\/wp\/wp-json\/wp\/v2\/posts\/79587\/revisions\/79594"}],"wp:featuredmedia":[{"embeddable":true,"href":"https:\/\/notitodo.com.mx\/wp\/wp-json\/wp\/v2\/media\/79589"}],"wp:attachment":[{"href":"https:\/\/notitodo.com.mx\/wp\/wp-json\/wp\/v2\/media?parent=79587"}],"wp:term":[{"taxonomy":"category","embeddable":true,"href":"https:\/\/notitodo.com.mx\/wp\/wp-json\/wp\/v2\/categories?post=79587"},{"taxonomy":"post_tag","embeddable":true,"href":"https:\/\/notitodo.com.mx\/wp\/wp-json\/wp\/v2\/tags?post=79587"}],"curies":[{"name":"wp","href":"https:\/\/api.w.org\/{rel}","templated":true}]}}