{"id":79418,"date":"2020-05-09T03:37:12","date_gmt":"2020-05-09T03:37:12","guid":{"rendered":"https:\/\/notitodo.com.mx\/wp\/?p=79418"},"modified":"2020-05-09T03:38:22","modified_gmt":"2020-05-09T03:38:22","slug":"alumnos-de-la-universidad-tecnologica-de-parral-instalan-climatizadores-evaporativos-en-primaria","status":"publish","type":"post","link":"https:\/\/notitodo.com.mx\/wp\/alumnos-de-la-universidad-tecnologica-de-parral-instalan-climatizadores-evaporativos-en-primaria\/","title":{"rendered":"Alumnos de la Universidad Tecnol\u00f3gica de Parral instalan climatizadores evaporativos en primaria"},"content":{"rendered":"<p>Como parte de su compromiso social con la comunidad de Parral, el pasado mes de marzo, estudiantes de la Universidad Tecnol\u00f3gica de Parral (UTP) realizaron labores de mantenimiento en una reconocida escuela primaria de la ciudad.<\/p>\n<p>Fueron los alumnos de la Ingenier\u00eda en Mantenimiento Industrial 81 matutino, quienes en coordinaci\u00f3n y asesor\u00eda de sus catedr\u00e1ticos, llevaron a cabo la<\/p>\n<p><!--more--><\/p>\n<p>instalaci\u00f3n de climatizadores evaporativos en la Escuela Primaria Concepci\u00f3n Mel\u00e9ndez No.2100.<\/p>\n<p>El proyecto se llev\u00f3 a cabo para beneficio del alumnado de la instituci\u00f3n de educaci\u00f3n b\u00e1sica, espec\u00edficamente en el aula de usos m\u00faltiples, donde era necesario climatizar el interior.<\/p>\n<p>En este sentido, el apoyo de los alumnos Ariel Espino, Felipe Bosquez, Mario J\u00e1quez y Mart\u00edn Garc\u00eda, dentro de la materia Integradora I, consisti\u00f3 en elaborar las bases para los aparatos, realizaron la instalaci\u00f3n el\u00e9ctrica e hidr\u00e1ulica, adem\u00e1s de la fabricaci\u00f3n de los ductos necesarios para la distribuci\u00f3n adecuada del aire acondicionado con base en los conocimientos adquiridos a trav\u00e9s de las diferentes asignaturas que han cursado dentro de la Universidad.<\/p>\n<p>La directora de la escuela Concepci\u00f3n Mel\u00e9ndez No.2100, Alba Luz Jurado Mel\u00e9ndez, mencion\u00f3 que este proyecto se ve cristalizado gracias a la acci\u00f3n de los estudiantes, por ello agradeci\u00f3 el apoyo otorgado por la Universidad Tecnol\u00f3gica de Parral.<\/p>\n<p>Con acciones de esta \u00edndole la UTP refuerza su compromiso con el servicio a la comunidad parralense, y con la formaci\u00f3n de profesionistas comprometidos, \u00e9tica y responsablemente con su sociedad.<\/p>\n","protected":false},"excerpt":{"rendered":"<p>Como parte de su compromiso social con la comunidad de Parral, el pasado mes de marzo, estudiantes de la Universidad Tecnol\u00f3gica de Parral (UTP) realizaron labores de mantenimiento en una reconocida escuela primaria de la ciudad. Fueron los alumnos de la Ingenier\u00eda en Mantenimiento Industrial 81 matutino, quienes en coordinaci\u00f3n y asesor\u00eda de sus catedr\u00e1ticos, [&hellip;]<\/p>\n","protected":false},"author":5,"featured_media":79420,"comment_status":"closed","ping_status":"open","sticky":false,"template":"","format":"standard","meta":{"footnotes":""},"categories":[15],"tags":[],"class_list":["post-79418","post","type-post","status-publish","format-standard","has-post-thumbnail","hentry","category-educacion"],"views":35,"_links":{"self":[{"href":"https:\/\/notitodo.com.mx\/wp\/wp-json\/wp\/v2\/posts\/79418","targetHints":{"allow":["GET"]}}],"collection":[{"href":"https:\/\/notitodo.com.mx\/wp\/wp-json\/wp\/v2\/posts"}],"about":[{"href":"https:\/\/notitodo.com.mx\/wp\/wp-json\/wp\/v2\/types\/post"}],"author":[{"embeddable":true,"href":"https:\/\/notitodo.com.mx\/wp\/wp-json\/wp\/v2\/users\/5"}],"replies":[{"embeddable":true,"href":"https:\/\/notitodo.com.mx\/wp\/wp-json\/wp\/v2\/comments?post=79418"}],"version-history":[{"count":3,"href":"https:\/\/notitodo.com.mx\/wp\/wp-json\/wp\/v2\/posts\/79418\/revisions"}],"predecessor-version":[{"id":79423,"href":"https:\/\/notitodo.com.mx\/wp\/wp-json\/wp\/v2\/posts\/79418\/revisions\/79423"}],"wp:featuredmedia":[{"embeddable":true,"href":"https:\/\/notitodo.com.mx\/wp\/wp-json\/wp\/v2\/media\/79420"}],"wp:attachment":[{"href":"https:\/\/notitodo.com.mx\/wp\/wp-json\/wp\/v2\/media?parent=79418"}],"wp:term":[{"taxonomy":"category","embeddable":true,"href":"https:\/\/notitodo.com.mx\/wp\/wp-json\/wp\/v2\/categories?post=79418"},{"taxonomy":"post_tag","embeddable":true,"href":"https:\/\/notitodo.com.mx\/wp\/wp-json\/wp\/v2\/tags?post=79418"}],"curies":[{"name":"wp","href":"https:\/\/api.w.org\/{rel}","templated":true}]}}