{"id":78341,"date":"2020-04-27T05:45:12","date_gmt":"2020-04-27T05:45:12","guid":{"rendered":"https:\/\/notitodo.com.mx\/wp\/?p=78341"},"modified":"2020-04-27T05:45:12","modified_gmt":"2020-04-27T05:45:12","slug":"clubes-de-italia-podran-volver-a-entrenar-en-mayo","status":"publish","type":"post","link":"https:\/\/notitodo.com.mx\/wp\/clubes-de-italia-podran-volver-a-entrenar-en-mayo\/","title":{"rendered":"Clubes de Italia podr\u00e1n volver a entrenar en mayo"},"content":{"rendered":"<p>Giuseppe Conte, primer ministro de Italia, inform\u00f3 este domingo que a partir del 18 de mayo, los clubes de futbol podr\u00e1n regresar a los entrenamientos grupales, tras casi dos meses de inactividad por el impacto del coronavirus en el pa\u00eds.<\/p>\n<p>Luego de ser una de las naciones con m\u00e1s infectados por Covid-19, Conte se\u00f1al\u00f3 que desde el 4 de mayo, los deportistas podr\u00e1n hacer ejercicios al aire libre, siempre y cuando se<\/p>\n<p><!--more--><\/p>\n<p>respeten las medidas de seguridad y manteniendo el distanciamiento social.<\/p>\n<p>Desde el cuarto d\u00eda del mes de mayo en adelante, ser\u00e1 posible hacer deporte al aire libre, respetando la distancia de seguridad de dos metros. Adem\u00e1s, los deportistas profesionales de disciplinas individuales podr\u00e1n entrenar en centros deportivos, respetando la misma distancia de seguridad.\u201d<\/p>\n<p>De igual modo, el primer ministro dio luz verde para que, a partir del 18 de mayo, sean permitidos los entrenamientos de los equipos profesionales de futbol y otros deportes.<\/p>\n<p>Sobre una posible fecha del regreso del \u2018calcio\u2019, el mandatorio estableci\u00f3 que el ministro de Deportes, Vicenzo Spadafora, trabajar\u00e1 con grupos de expertos &#8220;para que los futbolistas puedan entrenar individualmente desde el 4 de mayo y en colectivo el 18\u201d. fuente:excelsior<\/p>\n","protected":false},"excerpt":{"rendered":"<p>Giuseppe Conte, primer ministro de Italia, inform\u00f3 este domingo que a partir del 18 de mayo, los clubes de futbol podr\u00e1n regresar a los entrenamientos grupales, tras casi dos meses de inactividad por el impacto del coronavirus en el pa\u00eds. Luego de ser una de las naciones con m\u00e1s infectados por Covid-19, Conte se\u00f1al\u00f3 que [&hellip;]<\/p>\n","protected":false},"author":5,"featured_media":78343,"comment_status":"open","ping_status":"open","sticky":false,"template":"","format":"standard","meta":{"footnotes":""},"categories":[4],"tags":[],"class_list":["post-78341","post","type-post","status-publish","format-standard","has-post-thumbnail","hentry","category-deportes"],"views":16,"_links":{"self":[{"href":"https:\/\/notitodo.com.mx\/wp\/wp-json\/wp\/v2\/posts\/78341","targetHints":{"allow":["GET"]}}],"collection":[{"href":"https:\/\/notitodo.com.mx\/wp\/wp-json\/wp\/v2\/posts"}],"about":[{"href":"https:\/\/notitodo.com.mx\/wp\/wp-json\/wp\/v2\/types\/post"}],"author":[{"embeddable":true,"href":"https:\/\/notitodo.com.mx\/wp\/wp-json\/wp\/v2\/users\/5"}],"replies":[{"embeddable":true,"href":"https:\/\/notitodo.com.mx\/wp\/wp-json\/wp\/v2\/comments?post=78341"}],"version-history":[{"count":1,"href":"https:\/\/notitodo.com.mx\/wp\/wp-json\/wp\/v2\/posts\/78341\/revisions"}],"predecessor-version":[{"id":78344,"href":"https:\/\/notitodo.com.mx\/wp\/wp-json\/wp\/v2\/posts\/78341\/revisions\/78344"}],"wp:featuredmedia":[{"embeddable":true,"href":"https:\/\/notitodo.com.mx\/wp\/wp-json\/wp\/v2\/media\/78343"}],"wp:attachment":[{"href":"https:\/\/notitodo.com.mx\/wp\/wp-json\/wp\/v2\/media?parent=78341"}],"wp:term":[{"taxonomy":"category","embeddable":true,"href":"https:\/\/notitodo.com.mx\/wp\/wp-json\/wp\/v2\/categories?post=78341"},{"taxonomy":"post_tag","embeddable":true,"href":"https:\/\/notitodo.com.mx\/wp\/wp-json\/wp\/v2\/tags?post=78341"}],"curies":[{"name":"wp","href":"https:\/\/api.w.org\/{rel}","templated":true}]}}