{"id":78084,"date":"2020-04-24T00:56:35","date_gmt":"2020-04-24T00:56:35","guid":{"rendered":"https:\/\/notitodo.com.mx\/wp\/?p=78084"},"modified":"2020-04-24T00:56:35","modified_gmt":"2020-04-24T00:56:35","slug":"fabrica-ut-paquime-caretas-de-proteccion-para-el-sector-salud","status":"publish","type":"post","link":"https:\/\/notitodo.com.mx\/wp\/fabrica-ut-paquime-caretas-de-proteccion-para-el-sector-salud\/","title":{"rendered":"Fabrica UT Paquim\u00e9 caretas de protecci\u00f3n para el sector salud"},"content":{"rendered":"<p>Son elaboradas por medio de impresoras 3D a base de material biodegradable, con el prop\u00f3sito de apoyar a personal m\u00e9dico de la localidad ante la contingencia sanitaria actual<\/p>\n<p>Como parte su compromiso con la comunidad universitaria y con la sociedad, personal de la Universidad Tecnol\u00f3gica de Paquim\u00e9 (UT Paquim\u00e9) inici\u00f3 con la elaboraci\u00f3n de caretas de protecci\u00f3n facial para personal del sector salud de la localidad.<\/p>\n<p>La fabricaci\u00f3n estuvo a cargo de la carrera de Tecnolog\u00edas de la<\/p>\n<p><!--more--><\/p>\n<p>Informaci\u00f3n \u00e1rea Entornos Virtuales y Negocios Digitales, la cual cuenta con el equipamiento especial para ello.<\/p>\n<p>Respecto a su fabricaci\u00f3n, el alumnado que las elabor\u00f3 dijo que estos importantes instrumentos de prevenci\u00f3n fueron fabricados a base de filamentos especiales para impresi\u00f3n 3D, como son PTEG y PLA.<\/p>\n<p>Las mascarillas elaboradas son reusables ya que pueden ser desinfectadas a trav\u00e9s de las medidas tradicionales o por m\u00e9todos a base de alcohol, cumpliendo con los est\u00e1ndares demandados por las normas competentes.<\/p>\n<p>Es de relevancia mencionar que fueron la Asociaci\u00f3n Nacional de Universidades Tecnol\u00f3gicas (ANUT) y Banco Santander quienes han apoyado a la UT Paquim\u00e9 con los materiales necesarios para elaboraci\u00f3n de las caretas.<\/p>\n<p>Ana Gabriela Hern\u00e1ndez Pe\u00f1a, rectora de la UT Paquim\u00e9, se\u00f1al\u00f3 que las mascarillas ser\u00e1n donadas a la Quinta Jurisdicci\u00f3n Sanitaria de Nuevo Casas Grandes, la cual a su vez, ser\u00e1 la encargada de la dispersi\u00f3n en los diferentes hospitales de la localidad.<\/p>\n","protected":false},"excerpt":{"rendered":"<p>Son elaboradas por medio de impresoras 3D a base de material biodegradable, con el prop\u00f3sito de apoyar a personal m\u00e9dico de la localidad ante la contingencia sanitaria actual Como parte su compromiso con la comunidad universitaria y con la sociedad, personal de la Universidad Tecnol\u00f3gica de Paquim\u00e9 (UT Paquim\u00e9) inici\u00f3 con la elaboraci\u00f3n de caretas [&hellip;]<\/p>\n","protected":false},"author":5,"featured_media":78086,"comment_status":"open","ping_status":"open","sticky":false,"template":"","format":"standard","meta":{"footnotes":""},"categories":[15],"tags":[],"class_list":["post-78084","post","type-post","status-publish","format-standard","has-post-thumbnail","hentry","category-educacion"],"views":33,"_links":{"self":[{"href":"https:\/\/notitodo.com.mx\/wp\/wp-json\/wp\/v2\/posts\/78084","targetHints":{"allow":["GET"]}}],"collection":[{"href":"https:\/\/notitodo.com.mx\/wp\/wp-json\/wp\/v2\/posts"}],"about":[{"href":"https:\/\/notitodo.com.mx\/wp\/wp-json\/wp\/v2\/types\/post"}],"author":[{"embeddable":true,"href":"https:\/\/notitodo.com.mx\/wp\/wp-json\/wp\/v2\/users\/5"}],"replies":[{"embeddable":true,"href":"https:\/\/notitodo.com.mx\/wp\/wp-json\/wp\/v2\/comments?post=78084"}],"version-history":[{"count":1,"href":"https:\/\/notitodo.com.mx\/wp\/wp-json\/wp\/v2\/posts\/78084\/revisions"}],"predecessor-version":[{"id":78087,"href":"https:\/\/notitodo.com.mx\/wp\/wp-json\/wp\/v2\/posts\/78084\/revisions\/78087"}],"wp:featuredmedia":[{"embeddable":true,"href":"https:\/\/notitodo.com.mx\/wp\/wp-json\/wp\/v2\/media\/78086"}],"wp:attachment":[{"href":"https:\/\/notitodo.com.mx\/wp\/wp-json\/wp\/v2\/media?parent=78084"}],"wp:term":[{"taxonomy":"category","embeddable":true,"href":"https:\/\/notitodo.com.mx\/wp\/wp-json\/wp\/v2\/categories?post=78084"},{"taxonomy":"post_tag","embeddable":true,"href":"https:\/\/notitodo.com.mx\/wp\/wp-json\/wp\/v2\/tags?post=78084"}],"curies":[{"name":"wp","href":"https:\/\/api.w.org\/{rel}","templated":true}]}}