{"id":78030,"date":"2020-04-24T00:26:20","date_gmt":"2020-04-24T00:26:20","guid":{"rendered":"https:\/\/notitodo.com.mx\/wp\/?p=78030"},"modified":"2020-04-24T00:26:20","modified_gmt":"2020-04-24T00:26:20","slug":"medidas-son-drasticas-pero-necesarias-para-aplanar-la-curva-de-covid-19-salud","status":"publish","type":"post","link":"https:\/\/notitodo.com.mx\/wp\/medidas-son-drasticas-pero-necesarias-para-aplanar-la-curva-de-covid-19-salud\/","title":{"rendered":"Medidas son dr\u00e1sticas pero necesarias para aplanar la curva  de COVID-19: Salud"},"content":{"rendered":"<p>La sana distancia tiene que verse como distancia f\u00edsica y dejar de aparentar que se cumplen las indicaciones, recomienda<\/p>\n<p>Autoridades de la Secretar\u00eda de Salud reiteraron que las medidas que se est\u00e1n tomando son dr\u00e1sticas y son duras, pero responden a una estrategia necesaria para tratar de aplanar la curva de incidencia de casos COVID-19 en el estado.<\/p>\n<p>Entre las medidas dr\u00e1sticas, la subdirectora de<\/p>\n<p><!--more--><\/p>\n<p>Medicina Preventiva y Promoci\u00f3n de la Salud, Leticia Ruiz Gonz\u00e1lez, enumer\u00f3 las multas por viajar m\u00e1s de dos adultos en un mismo veh\u00edculo; el uso obligado de cubrebocas en el transporte, en lugares p\u00fablicos y donde haya cercan\u00eda de personas en centros de trabajo esenciales, entre otras.<\/p>\n<p>Mientras que el director m\u00e9dico de la Zona Norte, Arturo Valenzuela Zorrilla, expres\u00f3 que se entiende el dolor de las personas en los funerales, pero \u201cpueden ser un sitio de alto riesgo para el contagio, m\u00e1xime si se trata de alguien que falleci\u00f3 por COVID-19\u201d.<\/p>\n<p>Ambos funcionarios, encargados de difundir las medidas que se toman para la contenci\u00f3n de la enfermedad en Chihuahua, respondieron as\u00ed a las quejas que se presentan a trav\u00e9s de la conferencia de prensa virtual que se transmite todos los d\u00edas a trav\u00e9s de las redes sociodigitales del Gobierno del Estado.<\/p>\n<p>Espec\u00edficamente, en el caso de un funeral celebrado en el municipio de Belisario Dom\u00ednguez, Valenzuela Zorrila indic\u00f3 que este tipo de reuniones de personas pueden generar contagios, casos graves de COVID-19 e incluso en el peor de los casos, m\u00e1s decesos.<\/p>\n<p>Por lo anterior, expres\u00f3 que a trav\u00e9s del \u00e1rea de Epidemiolog\u00eda, se pondr\u00e1 en cuarentena a las y los asistentes, para descartar que tengan COVID-19.<\/p>\n<p>A su vez, la doctora Leticia Ruiz Gonz\u00e1lez, se\u00f1al\u00f3 las multas que ya empez\u00f3 aplicar la Polic\u00eda Vial, son para evitar lo m\u00e1s posible el n\u00famero de contagios de la enfermedad COVID-19.<\/p>\n<p>Dijo que la sana distancia es la estrategia m\u00e1s importante, por lo cual se busca que no vayan dentro de un autom\u00f3vil muchas personas, pueden ir dos adultos acompa\u00f1ado de ni\u00f1os, pero no m\u00e1s de ese n\u00famero.<\/p>\n<p>Invit\u00f3 a la sociedad en general a esforzarse para cumplir las medidas, \u201cciertamente esta situaci\u00f3n es dif\u00edcil para todos, pero se trata de organizarse de diferente manera para contribuir al bienestar de toda la comunidad\u201d.<\/p>\n<p>Agreg\u00f3 que ahora hay que llamarle distancia f\u00edsica, puesto que se puede estar cercano a los seres queridos mediante las redes sociales, asever\u00f3.<\/p>\n<p>En cuanto al uso de cubrebocas, debe portarse en todos los lugares p\u00fablicos y al retirarlo y tirarlo, se debe poner en una bolsa, toda vez que este art\u00edculo puede ser un medio de contagio.<\/p>\n<p>Expuso que al estar en la calle se recomienda traer el cabello recogido, para evitar la posibilidad de contagio de la enfermedad. Al estar en el trabajo, s\u00ed se est\u00e1 solo, se pueden quitar el cubrebocas, pero si no existe una sana distancia, se debe usar para evitar que las part\u00edculas de saliva queden en las superficies, lo cual puede ser una fuente de contagio.<\/p>\n<p>Se trata, coment\u00f3, que enfermen el menor posible n\u00famero de personas, a fin de aplanar la curva de incidencia de la enfermedad.<\/p>\n<p>A su vez, el director m\u00e9dico de la Zona Norte, Arturo Valenzuela, puntualiz\u00f3 que actualmente, si los elementos de las corporaciones polic\u00edacas ven un grupo de personas, les preguntan si es una actividad esencial la que motiva que est\u00e9n reunidos y de no ser as\u00ed, se les conmina a que vayan a sus hogares.<\/p>\n","protected":false},"excerpt":{"rendered":"<p>La sana distancia tiene que verse como distancia f\u00edsica y dejar de aparentar que se cumplen las indicaciones, recomienda Autoridades de la Secretar\u00eda de Salud reiteraron que las medidas que se est\u00e1n tomando son dr\u00e1sticas y son duras, pero responden a una estrategia necesaria para tratar de aplanar la curva de incidencia de casos COVID-19 [&hellip;]<\/p>\n","protected":false},"author":5,"featured_media":78032,"comment_status":"open","ping_status":"open","sticky":false,"template":"","format":"standard","meta":{"footnotes":""},"categories":[7],"tags":[],"class_list":["post-78030","post","type-post","status-publish","format-standard","has-post-thumbnail","hentry","category-estatales"],"views":19,"_links":{"self":[{"href":"https:\/\/notitodo.com.mx\/wp\/wp-json\/wp\/v2\/posts\/78030","targetHints":{"allow":["GET"]}}],"collection":[{"href":"https:\/\/notitodo.com.mx\/wp\/wp-json\/wp\/v2\/posts"}],"about":[{"href":"https:\/\/notitodo.com.mx\/wp\/wp-json\/wp\/v2\/types\/post"}],"author":[{"embeddable":true,"href":"https:\/\/notitodo.com.mx\/wp\/wp-json\/wp\/v2\/users\/5"}],"replies":[{"embeddable":true,"href":"https:\/\/notitodo.com.mx\/wp\/wp-json\/wp\/v2\/comments?post=78030"}],"version-history":[{"count":1,"href":"https:\/\/notitodo.com.mx\/wp\/wp-json\/wp\/v2\/posts\/78030\/revisions"}],"predecessor-version":[{"id":78033,"href":"https:\/\/notitodo.com.mx\/wp\/wp-json\/wp\/v2\/posts\/78030\/revisions\/78033"}],"wp:featuredmedia":[{"embeddable":true,"href":"https:\/\/notitodo.com.mx\/wp\/wp-json\/wp\/v2\/media\/78032"}],"wp:attachment":[{"href":"https:\/\/notitodo.com.mx\/wp\/wp-json\/wp\/v2\/media?parent=78030"}],"wp:term":[{"taxonomy":"category","embeddable":true,"href":"https:\/\/notitodo.com.mx\/wp\/wp-json\/wp\/v2\/categories?post=78030"},{"taxonomy":"post_tag","embeddable":true,"href":"https:\/\/notitodo.com.mx\/wp\/wp-json\/wp\/v2\/tags?post=78030"}],"curies":[{"name":"wp","href":"https:\/\/api.w.org\/{rel}","templated":true}]}}