{"id":77809,"date":"2020-04-22T01:02:01","date_gmt":"2020-04-22T01:02:01","guid":{"rendered":"https:\/\/notitodo.com.mx\/wp\/?p=77809"},"modified":"2020-04-22T01:02:01","modified_gmt":"2020-04-22T01:02:01","slug":"dona-grupo-anbec-a-pensiones-civiles-caretas-y-cubos-de-traslado-para-pacientes-con-covid-19","status":"publish","type":"post","link":"https:\/\/notitodo.com.mx\/wp\/dona-grupo-anbec-a-pensiones-civiles-caretas-y-cubos-de-traslado-para-pacientes-con-covid-19\/","title":{"rendered":"Dona Grupo ANBEC a Pensiones Civiles  caretas y cubos de traslado para pacientes con COVID-19"},"content":{"rendered":"<p>El Grupo ANBEC, que oferta productos de ferreter\u00eda, construcci\u00f3n y decoraci\u00f3n, con el apoyo de clientes y amigos de la empresa en Chihuahua realiz\u00f3 una donaci\u00f3n a Pensiones Civiles del Estado (PCE) de 200 caretas de pl\u00e1stico de protecci\u00f3n personal y 10 cubos armables para el traslado de pacientes con COVID-19.<\/p>\n<p>La entrega se llev\u00f3 a cabo en la instituci\u00f3n y el material fue recibido por la delegada en Chihuahua de PCE, Rosal\u00eda Mu\u00f1oz y la jefa de Urgencias, Giovanna Guerra, quienes al externar el agradecimiento, indicaron que<\/p>\n<p><!--more--><\/p>\n<p>esta aportaci\u00f3n coadyuva a la protecci\u00f3n tanto del personal de salud, como de las y los derechohabientes.<\/p>\n<p>Los cubos fueron dise\u00f1ados y fabricados por la empresa ANBEC, los cuales sirven como camillas aislantes para trasladar y atender a pacientes con COVID-19, protegiendo al equipo m\u00e9dico, param\u00e9dico y de enfermer\u00eda, al evitar el m\u00ednimo contacto con personas infectadas.<\/p>\n<p>Pensiones Civiles del Estado agradece el gesto de solidaridad con la instituci\u00f3n y el apoyo al personal de salud para continuar en su ardua lucha contra la contingencia.<\/p>\n","protected":false},"excerpt":{"rendered":"<p>El Grupo ANBEC, que oferta productos de ferreter\u00eda, construcci\u00f3n y decoraci\u00f3n, con el apoyo de clientes y amigos de la empresa en Chihuahua realiz\u00f3 una donaci\u00f3n a Pensiones Civiles del Estado (PCE) de 200 caretas de pl\u00e1stico de protecci\u00f3n personal y 10 cubos armables para el traslado de pacientes con COVID-19. La entrega se llev\u00f3 [&hellip;]<\/p>\n","protected":false},"author":5,"featured_media":77811,"comment_status":"open","ping_status":"open","sticky":false,"template":"","format":"standard","meta":{"footnotes":""},"categories":[7],"tags":[],"class_list":["post-77809","post","type-post","status-publish","format-standard","has-post-thumbnail","hentry","category-estatales"],"views":10,"_links":{"self":[{"href":"https:\/\/notitodo.com.mx\/wp\/wp-json\/wp\/v2\/posts\/77809","targetHints":{"allow":["GET"]}}],"collection":[{"href":"https:\/\/notitodo.com.mx\/wp\/wp-json\/wp\/v2\/posts"}],"about":[{"href":"https:\/\/notitodo.com.mx\/wp\/wp-json\/wp\/v2\/types\/post"}],"author":[{"embeddable":true,"href":"https:\/\/notitodo.com.mx\/wp\/wp-json\/wp\/v2\/users\/5"}],"replies":[{"embeddable":true,"href":"https:\/\/notitodo.com.mx\/wp\/wp-json\/wp\/v2\/comments?post=77809"}],"version-history":[{"count":1,"href":"https:\/\/notitodo.com.mx\/wp\/wp-json\/wp\/v2\/posts\/77809\/revisions"}],"predecessor-version":[{"id":77812,"href":"https:\/\/notitodo.com.mx\/wp\/wp-json\/wp\/v2\/posts\/77809\/revisions\/77812"}],"wp:featuredmedia":[{"embeddable":true,"href":"https:\/\/notitodo.com.mx\/wp\/wp-json\/wp\/v2\/media\/77811"}],"wp:attachment":[{"href":"https:\/\/notitodo.com.mx\/wp\/wp-json\/wp\/v2\/media?parent=77809"}],"wp:term":[{"taxonomy":"category","embeddable":true,"href":"https:\/\/notitodo.com.mx\/wp\/wp-json\/wp\/v2\/categories?post=77809"},{"taxonomy":"post_tag","embeddable":true,"href":"https:\/\/notitodo.com.mx\/wp\/wp-json\/wp\/v2\/tags?post=77809"}],"curies":[{"name":"wp","href":"https:\/\/api.w.org\/{rel}","templated":true}]}}