{"id":77578,"date":"2020-04-20T03:12:44","date_gmt":"2020-04-20T03:12:44","guid":{"rendered":"https:\/\/notitodo.com.mx\/wp\/?p=77578"},"modified":"2020-04-20T03:12:44","modified_gmt":"2020-04-20T03:12:44","slug":"anuncia-gobernador-llegada-de-22-nuevos-ventiladores-al-hospital-central-universitario","status":"publish","type":"post","link":"https:\/\/notitodo.com.mx\/wp\/anuncia-gobernador-llegada-de-22-nuevos-ventiladores-al-hospital-central-universitario\/","title":{"rendered":"Anuncia Gobernador llegada de 22 nuevos ventiladores al Hospital Central Universitario"},"content":{"rendered":"<p class=\"x_MsoNormal\">El gobernador Javier Corral inform\u00f3 que con la llegada de 22 ventiladores respiratorios nuevos para el Hospital Central Universitario de la ciudad de Chihuahua, el inventario en el Sector Salud estatal se increment\u00f3 a 248, ya funcionales para<\/p>\n<p><!--more--><\/p>\n<p class=\"x_MsoNormal\">atender a pacientes con COVID-19 en estado cr\u00edtico.<\/p>\n<p class=\"x_MsoNormal\">\n<p class=\"x_MsoNormal\">El mandatario dio la buena noticia en programa \u00a1Chihuahua Adelante! y explic\u00f3 que ya fueron instalados por los t\u00e9cnicos de la empresa que los vendi\u00f3, en el \u00e1rea de cuidados intensivos especial.<\/p>\n<p class=\"x_MsoNormal\">\n<p class=\"x_MsoNormal\">Agreg\u00f3 que los mismos t\u00e9cnicos iniciaron ayer la capacitaci\u00f3n para enfermeras, personal m\u00e9dico y biom\u00e9dicos que los operar\u00e1 y agreg\u00f3 que se espera alcanzar pronto la meta de 300 para el Sector Salud estatal.<\/p>\n<p class=\"x_MsoNormal\">\n<p class=\"x_MsoNormal\">En 2016 \u00fanicamente hab\u00eda 158 ventiladores en todo el estado.<\/p>\n<p class=\"x_MsoNormal\">\n<p class=\"x_MsoNormal\">Javier Corral destac\u00f3 en su programa informativo de este s\u00e1bado que el Hospital Central est\u00e1 listo para atender en el \u00e1rea de cuidados intensivos a quien as\u00ed lo requiera durante la etapa cr\u00edtica de COVID-19.<\/p>\n<p class=\"x_MsoNormal\">\n<p class=\"x_MsoNormal\">\u201cNosotros queremos llegar a tener en el Sistema Estatal de Salud 300 ventiladores, para que entre todos los sistemas del estado tengamos 600 respiradores; ahorita entre todos tenemos 449, 3 mil 76 camas, 119 cuartos destinados al aislamiento y ya se tienen reconvertidas 191 camas de cuidado intensivo\u201d, dijo el mandatario en la emisi\u00f3n de su segundo programa \u00a1Chihuahua Adelante! el pasado jueves 16.<\/p>\n<p class=\"x_MsoNormal\">\n<p class=\"x_MsoNormal\">Ese d\u00eda inform\u00f3 que en el Hospital Central se contaba ya con 36 camas, seis de terapia intensiva, 16 de cirug\u00eda de hombres, m\u00e1s dos en la sala de choques y 12 de urgencias, y se puede llegar a contar con 87 camas para atenci\u00f3n del COVID-19.<\/p>\n","protected":false},"excerpt":{"rendered":"<p>El gobernador Javier Corral inform\u00f3 que con la llegada de 22 ventiladores respiratorios nuevos para el Hospital Central Universitario de la ciudad de Chihuahua, el inventario en el Sector Salud estatal se increment\u00f3 a 248, ya funcionales para<\/p>\n","protected":false},"author":5,"featured_media":77580,"comment_status":"open","ping_status":"open","sticky":false,"template":"","format":"standard","meta":{"footnotes":""},"categories":[7],"tags":[],"class_list":["post-77578","post","type-post","status-publish","format-standard","has-post-thumbnail","hentry","category-estatales"],"views":11,"_links":{"self":[{"href":"https:\/\/notitodo.com.mx\/wp\/wp-json\/wp\/v2\/posts\/77578","targetHints":{"allow":["GET"]}}],"collection":[{"href":"https:\/\/notitodo.com.mx\/wp\/wp-json\/wp\/v2\/posts"}],"about":[{"href":"https:\/\/notitodo.com.mx\/wp\/wp-json\/wp\/v2\/types\/post"}],"author":[{"embeddable":true,"href":"https:\/\/notitodo.com.mx\/wp\/wp-json\/wp\/v2\/users\/5"}],"replies":[{"embeddable":true,"href":"https:\/\/notitodo.com.mx\/wp\/wp-json\/wp\/v2\/comments?post=77578"}],"version-history":[{"count":1,"href":"https:\/\/notitodo.com.mx\/wp\/wp-json\/wp\/v2\/posts\/77578\/revisions"}],"predecessor-version":[{"id":77581,"href":"https:\/\/notitodo.com.mx\/wp\/wp-json\/wp\/v2\/posts\/77578\/revisions\/77581"}],"wp:featuredmedia":[{"embeddable":true,"href":"https:\/\/notitodo.com.mx\/wp\/wp-json\/wp\/v2\/media\/77580"}],"wp:attachment":[{"href":"https:\/\/notitodo.com.mx\/wp\/wp-json\/wp\/v2\/media?parent=77578"}],"wp:term":[{"taxonomy":"category","embeddable":true,"href":"https:\/\/notitodo.com.mx\/wp\/wp-json\/wp\/v2\/categories?post=77578"},{"taxonomy":"post_tag","embeddable":true,"href":"https:\/\/notitodo.com.mx\/wp\/wp-json\/wp\/v2\/tags?post=77578"}],"curies":[{"name":"wp","href":"https:\/\/api.w.org\/{rel}","templated":true}]}}