{"id":77121,"date":"2020-04-06T05:08:26","date_gmt":"2020-04-06T05:08:26","guid":{"rendered":"https:\/\/notitodo.com.mx\/wp\/?p=77121"},"modified":"2020-04-11T05:10:45","modified_gmt":"2020-04-11T05:10:45","slug":"reconoce-gobierno-del-estado-al-personal-medico-que-enfrenta-al-covid-19","status":"publish","type":"post","link":"https:\/\/notitodo.com.mx\/wp\/reconoce-gobierno-del-estado-al-personal-medico-que-enfrenta-al-covid-19\/","title":{"rendered":"Reconoce Gobierno del Estado al personal m\u00e9dico que enfrenta al COVID-19"},"content":{"rendered":"<p>\u201cSabiendo el riesgo que corren, ah\u00ed est\u00e1n y estar\u00e1n para nosotros durante estos meses tan dif\u00edciles, quiz\u00e1s sin comer, desvelados, trabajando horas extra y todo lo que implica el trabajo heroico que van a realizar\u201d: Arturo Valenzuela<\/p>\n<p>El Gobierno del Estado reconoce al personal m\u00e9dico por el amor, valent\u00eda, coraje, sacrificio y vocaci\u00f3n con la que realizan sus actividades, en las cuales d\u00eda a d\u00eda dan lo mejor de s\u00ed con el \u00fanico objetivo de cuidar a los chihuahuenses.<\/p>\n<p>Mientras muchas familias est\u00e1n en casa como medida de<\/p>\n<p><!--more--><\/p>\n<p>prevenci\u00f3n de la pandemia mundial de COVID-19, ellos deben alejarse de sus seres queridos para protegerlos en esta complicada etapa y dedicarse al cuidado de los dem\u00e1s.<\/p>\n<p>El primero en hacer este reconocimiento a las trabajadoras y trabajadores del sector salud, fue el gobernador Javier Corral durante el mensaje que dirigi\u00f3 el pasado viernes 3 de abril al Pueblo de Chihuahua:<\/p>\n<p>\u201cLa contingencia que hoy vivimos chihuahuenses, nos demanda pensar en nosotros, pero sobre todo en los otros, en quienes hoy enfrentan esta problem\u00e1tica en la primera l\u00ednea; todo el personal de servicios de salud a quienes hoy les reiteramos nuestro pleno y absoluto reconocimiento. Son ustedes el mejor activo, desde el personal de vigilancia, de limpieza, conductores de ambulancias, param\u00e9dicos, enfermeras, enfermeros, m\u00e9dicos, camilleros, quienes literalmente exponen su vida y la de sus seres queridos para brindarnos atenci\u00f3n oportuna\u201d.<\/p>\n<p>A su vez, en la conferencia de prensa virtual en la que se actualizan cada d\u00eda los datos del COVID-19, el director m\u00e9dico de la Zona Norte de la Secretar\u00eda de Salud, Arturo Valenzuela Zorilla, se\u00f1al\u00f3 que se debe reconocer el trabajo de las y los m\u00e9dicos, enfermeras, enfermeros y todo el personal de salud que est\u00e1n lejos del confort de su hogar, donde pudieran estar m\u00e1s seguros y resguardados y en cambio, est\u00e1n en los hospitales donde el riesgo es mucho mayor, \u201cdonde se va a concentrar la fuerza de esta epidemia y cr\u00e9anme que tenemos a las y los m\u00e9dicos con la vocaci\u00f3n y disposici\u00f3n y la actitud m\u00e1s s\u00f3lida\u201d.<\/p>\n<p>Expres\u00f3 que \u201csabiendo el riesgo que corren, ah\u00ed est\u00e1n y estar\u00e1n para nosotros durante estos meses tan dif\u00edciles, quiz\u00e1s sin comer, desvelados, trabajando horas extra y todo lo que implica el trabajo heroico que van a realizar\u201d.<\/p>\n<p>A su vez, la subdirectora de Medicina Preventiva y Promoci\u00f3n de la Salud, Leticia Ruiz, indic\u00f3 que la mayor\u00eda del personal participa con gran empat\u00eda, fuerza e iniciativa personal impresionante, en cada uno de los hospitales; \u201cson personas que han logrado posicionarse como l\u00edderes, que han buscado capacitarse m\u00e1s para cuidarse y protegerse entre ellos mismos y por supuesto cuidar a la poblaci\u00f3n\u201d.<\/p>\n<p>Agreg\u00f3 que el personal de salud est\u00e1 compuesto de h\u00e9roes a diferentes niveles, desde las autoridades m\u00e1s altas, hasta el personal de intendencia, todos en esta la lucha contra la pandemia mundial.<\/p>\n<p>La t\u00e9cnica en Enfermer\u00eda, Magda Karina Flores Hern\u00e1ndez, expres\u00f3 que es ser enfermera o enfermero es una vocaci\u00f3n para ellos y \u201ccon contingencia o sin ella, tenemos que seguir esforz\u00e1ndonos y fortaleci\u00e9ndonos unos con otros como equipo\u201d.<\/p>\n<p>Desde su centro de trabajo que es el Hospital Central, dijo que su vida gira en torno a sus hijos y ahora, por la contingencia no est\u00e1n con ella. \u201cTenemos que protegernos m\u00e1s, nos cambiamos antes de ir a la casa para no estar llevando los g\u00e9rmenes\u201d, concluy\u00f3.<\/p>\n<p>A su vez, el tambi\u00e9n enfermero general en el Hospital Central, Fernando Montes M\u00e9ndez, se\u00f1al\u00f3 que el coronavirus cambi\u00f3 su estilo de vida personal, \u201ces lo que nos ha ido afectando a la mayor\u00eda de los enfermeros, m\u00e9dicos o param\u00e9dicos, mis hijos no est\u00e1n ahorita con nosotros. De por s\u00ed el personal m\u00e9dico somos m\u00e1s exagerados en la limpieza, puesto nos hace serlo a\u00fan m\u00e1s\u201d.<\/p>\n<p>Indic\u00f3 que \u201cde nosotros dependen muchas vidas y conforme nos ayudemos es como podremos salir adelante\u201d.<\/p>\n","protected":false},"excerpt":{"rendered":"<p>\u201cSabiendo el riesgo que corren, ah\u00ed est\u00e1n y estar\u00e1n para nosotros durante estos meses tan dif\u00edciles, quiz\u00e1s sin comer, desvelados, trabajando horas extra y todo lo que implica el trabajo heroico que van a realizar\u201d: Arturo Valenzuela El Gobierno del Estado reconoce al personal m\u00e9dico por el amor, valent\u00eda, coraje, sacrificio y vocaci\u00f3n con la [&hellip;]<\/p>\n","protected":false},"author":5,"featured_media":77123,"comment_status":"open","ping_status":"open","sticky":false,"template":"","format":"standard","meta":{"footnotes":""},"categories":[7],"tags":[],"class_list":["post-77121","post","type-post","status-publish","format-standard","has-post-thumbnail","hentry","category-estatales"],"views":8,"_links":{"self":[{"href":"https:\/\/notitodo.com.mx\/wp\/wp-json\/wp\/v2\/posts\/77121","targetHints":{"allow":["GET"]}}],"collection":[{"href":"https:\/\/notitodo.com.mx\/wp\/wp-json\/wp\/v2\/posts"}],"about":[{"href":"https:\/\/notitodo.com.mx\/wp\/wp-json\/wp\/v2\/types\/post"}],"author":[{"embeddable":true,"href":"https:\/\/notitodo.com.mx\/wp\/wp-json\/wp\/v2\/users\/5"}],"replies":[{"embeddable":true,"href":"https:\/\/notitodo.com.mx\/wp\/wp-json\/wp\/v2\/comments?post=77121"}],"version-history":[{"count":1,"href":"https:\/\/notitodo.com.mx\/wp\/wp-json\/wp\/v2\/posts\/77121\/revisions"}],"predecessor-version":[{"id":77124,"href":"https:\/\/notitodo.com.mx\/wp\/wp-json\/wp\/v2\/posts\/77121\/revisions\/77124"}],"wp:featuredmedia":[{"embeddable":true,"href":"https:\/\/notitodo.com.mx\/wp\/wp-json\/wp\/v2\/media\/77123"}],"wp:attachment":[{"href":"https:\/\/notitodo.com.mx\/wp\/wp-json\/wp\/v2\/media?parent=77121"}],"wp:term":[{"taxonomy":"category","embeddable":true,"href":"https:\/\/notitodo.com.mx\/wp\/wp-json\/wp\/v2\/categories?post=77121"},{"taxonomy":"post_tag","embeddable":true,"href":"https:\/\/notitodo.com.mx\/wp\/wp-json\/wp\/v2\/tags?post=77121"}],"curies":[{"name":"wp","href":"https:\/\/api.w.org\/{rel}","templated":true}]}}