{"id":75536,"date":"2020-03-12T02:46:35","date_gmt":"2020-03-12T02:46:35","guid":{"rendered":"https:\/\/notitodo.com.mx\/wp\/?p=75536"},"modified":"2020-03-12T02:46:35","modified_gmt":"2020-03-12T02:46:35","slug":"invitan-a-participar-en-foro-sobre-formacion-de-investigadores-educativos","status":"publish","type":"post","link":"https:\/\/notitodo.com.mx\/wp\/invitan-a-participar-en-foro-sobre-formacion-de-investigadores-educativos\/","title":{"rendered":"Invitan a participar en foro  sobre formaci\u00f3n de investigadores educativos"},"content":{"rendered":"<p>El Centro de Investigaci\u00f3n y Docencia (CID) de los Servicios Educativos del Estado de Chihuahua (Seech), invita a estudiantes, docentes y personas dedicadas a la labor de investigaci\u00f3n en los diferentes \u00e1mbitos de la educaci\u00f3n. a participar en el IV Foro Regional Noroeste sobre Formaci\u00f3n de Investigadores.<\/p>\n<p>El objetivo de este foro acad\u00e9mico, es dise\u00f1ar mejores estrategias y generar herramientas que contribuyan en la<\/p>\n<p><!--more--><\/p>\n<p>formaci\u00f3n de investigadoras e investigadores educativos, mediante el di\u00e1logo y la socializaci\u00f3n de sus propias experiencias.<\/p>\n<p>El evento se desarrollar\u00e1 el s\u00e1bado 28 de marzo en las instalaciones de la Universidad Pedag\u00f3gica Nacional del Estado de Chihuahua (Upnech), de esta ciudad capital.<\/p>\n<p>A partir de las 08:00 horas se llevar\u00e1 a cabo el registro de participantes, para dar paso a la ceremonia oficial de arranque del IV Foro Regional Noroeste sobre Formaci\u00f3n de Investigadores.<\/p>\n<p>Posteriormente se impartir\u00e1 la conferencia, \u201cEscenarios de la formaci\u00f3n para la investigaci\u00f3n desde la educaci\u00f3n b\u00e1sica hasta el posgrado\u201d, a cargo de Mar\u00eda Guadalupe Moreno Bayardo.<\/p>\n<p>La expositora es doctora en Educaci\u00f3n; integrante del Sistema Nacional de Investigadores; profesora investigadora de tiempo completo en la Universidad<\/p>\n<p>de Guadalajara; autora de 18 libros y de un centenar de art\u00edculos en revistas especializadas. Sus principales l\u00edneas de trabajo son la formaci\u00f3n para la investigaci\u00f3n y formaci\u00f3n de docentes.<\/p>\n<p>Como parte del evento, se contar\u00e1 con espacios de an\u00e1lisis y discusi\u00f3n, sobre temas como reflexiones de las y los formadores de investigadoras e investigadores; sus pr\u00e1cticas y herramientas did\u00e1cticas; la construcci\u00f3n de la tesis en el posgrado; y la formaci\u00f3n inicial del profesional; adem\u00e1s, acerca de sus primeros pasos en la investigaci\u00f3n educativa.<\/p>\n<p>Participan en la convocatoria la UPNECH, CID, la Red de Investigadores Educativos Chihuahua A.C. (REDIECH) y el Consejo Mexicano de Investigaci\u00f3n Educativa (COMIE).<\/p>\n<p>Las personas interesadas en inscribirse pueden hacerlo en la p\u00e1gina web de la REDIECH o bien, solicitar mayor informaci\u00f3n y orientaci\u00f3n, al correo electr\u00f3nico foro.regional4@rediech.org.<\/p>\n","protected":false},"excerpt":{"rendered":"<p>El Centro de Investigaci\u00f3n y Docencia (CID) de los Servicios Educativos del Estado de Chihuahua (Seech), invita a estudiantes, docentes y personas dedicadas a la labor de investigaci\u00f3n en los diferentes \u00e1mbitos de la educaci\u00f3n. a participar en el IV Foro Regional Noroeste sobre Formaci\u00f3n de Investigadores. El objetivo de este foro acad\u00e9mico, es dise\u00f1ar [&hellip;]<\/p>\n","protected":false},"author":5,"featured_media":75538,"comment_status":"open","ping_status":"open","sticky":false,"template":"","format":"standard","meta":{"footnotes":""},"categories":[15],"tags":[],"class_list":["post-75536","post","type-post","status-publish","format-standard","has-post-thumbnail","hentry","category-educacion"],"views":27,"_links":{"self":[{"href":"https:\/\/notitodo.com.mx\/wp\/wp-json\/wp\/v2\/posts\/75536","targetHints":{"allow":["GET"]}}],"collection":[{"href":"https:\/\/notitodo.com.mx\/wp\/wp-json\/wp\/v2\/posts"}],"about":[{"href":"https:\/\/notitodo.com.mx\/wp\/wp-json\/wp\/v2\/types\/post"}],"author":[{"embeddable":true,"href":"https:\/\/notitodo.com.mx\/wp\/wp-json\/wp\/v2\/users\/5"}],"replies":[{"embeddable":true,"href":"https:\/\/notitodo.com.mx\/wp\/wp-json\/wp\/v2\/comments?post=75536"}],"version-history":[{"count":1,"href":"https:\/\/notitodo.com.mx\/wp\/wp-json\/wp\/v2\/posts\/75536\/revisions"}],"predecessor-version":[{"id":75539,"href":"https:\/\/notitodo.com.mx\/wp\/wp-json\/wp\/v2\/posts\/75536\/revisions\/75539"}],"wp:featuredmedia":[{"embeddable":true,"href":"https:\/\/notitodo.com.mx\/wp\/wp-json\/wp\/v2\/media\/75538"}],"wp:attachment":[{"href":"https:\/\/notitodo.com.mx\/wp\/wp-json\/wp\/v2\/media?parent=75536"}],"wp:term":[{"taxonomy":"category","embeddable":true,"href":"https:\/\/notitodo.com.mx\/wp\/wp-json\/wp\/v2\/categories?post=75536"},{"taxonomy":"post_tag","embeddable":true,"href":"https:\/\/notitodo.com.mx\/wp\/wp-json\/wp\/v2\/tags?post=75536"}],"curies":[{"name":"wp","href":"https:\/\/api.w.org\/{rel}","templated":true}]}}