{"id":74008,"date":"2020-02-21T07:20:02","date_gmt":"2020-02-21T07:20:02","guid":{"rendered":"https:\/\/notitodo.com.mx\/wp\/?p=74008"},"modified":"2020-02-21T07:20:02","modified_gmt":"2020-02-21T07:20:02","slug":"invita-gobierno-municipal-a-actividades-para-celebrar-el-mes-de-la-familia","status":"publish","type":"post","link":"https:\/\/notitodo.com.mx\/wp\/invita-gobierno-municipal-a-actividades-para-celebrar-el-mes-de-la-familia\/","title":{"rendered":"Invita Gobierno Municipal a actividades para celebrar el mes de la familia"},"content":{"rendered":"<p>En el marco de la celebraci\u00f3n del mes de la familia, el Gobierno Municipal a trav\u00e9s del DIF Municipal ha preparado una serie de actividades con el objetivo principal de ofrecer espacios que impulsen el fortalecimiento de las familias chihuahuenses, los cuales se realizar\u00e1n durante el mes de marzo.<\/p>\n<p><!--more--><\/p>\n<p>Thelma Rivero Espinoza, directora del DIF Municipal, coment\u00f3 que es muy importante construir familias fuertes y sanas, ya que con esto se generar\u00e1n resultados positivos en la comunidad. Por este motivo el DIF ha creado estrategias y trabaja sobre lineamientos enfocados en el fortalecimiento familiar, impulsando el sano desarrollo de ni\u00f1as, ni\u00f1os y adolescentes y garantizando su derecho a vivir en familia y vivir en un entorno seguro.<\/p>\n<p>&nbsp;<\/p>\n<p>En rueda de prensa, la Directora del DIF Municipal realiz\u00f3 una invitaci\u00f3n abierta para participar en las actividades gratuitas que se llevar\u00e1n a cabo durante el mes de marzo para que las familias chihuahuenses se puedan divertir y convivir.<\/p>\n<p>Las actividades son:<br \/>\n&#8211; Domingo 1 de marzo, &#8220;D\u00eda de la Familia&#8221;, entrada libre a las Grutas de Nombre de Dios, en un horario de 9 de la ma\u00f1ana a 2 de la tarde.<br \/>\n&#8211; Viernes 6 y S\u00e1bado 7 de marzo, \u201cExpo Familia\u201d, en el Centro de Convenciones y Exposiciones de Chihuahua.<br \/>\n&#8211; Domingo 29, &#8220;Domingo Feliz&#8221;, en el \u00e1rea frente al disc\u00f3bolo de la Ciudad Deportiva en un horario de 10 de la ma\u00f1ana a 4 de la tarde.<\/p>\n<p>Los directivos del DIF estuvieron acompa\u00f1ados por Daniel Mesta Cant\u00fa consejero de Chihuahua Feliz, A.C., y Marisa Menchaca directora de Familia Unida, A.C., representantes de asociaciones civiles que participar\u00e1n en el festejo, en el cual se espera recibir a miles de familias.<\/p>\n<p>El a\u00f1o pasado DIF Municipal festej\u00f3 el mes de la familia con diversas actividades en donde participaron m\u00e1s de 15 mil personas, fortaleciendo lazos y fomentando la uni\u00f3n familiar. Para mayores informes pueden comunicarse al tel\u00e9fono 072 en las extensiones 2244 y 2248.<\/p>\n","protected":false},"excerpt":{"rendered":"<p>En el marco de la celebraci\u00f3n del mes de la familia, el Gobierno Municipal a trav\u00e9s del DIF Municipal ha preparado una serie de actividades con el objetivo principal de ofrecer espacios que impulsen el fortalecimiento de las familias chihuahuenses, los cuales se realizar\u00e1n durante el mes de marzo.<\/p>\n","protected":false},"author":11,"featured_media":74010,"comment_status":"open","ping_status":"open","sticky":false,"template":"","format":"standard","meta":{"footnotes":""},"categories":[9],"tags":[],"class_list":["post-74008","post","type-post","status-publish","format-standard","has-post-thumbnail","hentry","category-locales"],"views":7,"_links":{"self":[{"href":"https:\/\/notitodo.com.mx\/wp\/wp-json\/wp\/v2\/posts\/74008","targetHints":{"allow":["GET"]}}],"collection":[{"href":"https:\/\/notitodo.com.mx\/wp\/wp-json\/wp\/v2\/posts"}],"about":[{"href":"https:\/\/notitodo.com.mx\/wp\/wp-json\/wp\/v2\/types\/post"}],"author":[{"embeddable":true,"href":"https:\/\/notitodo.com.mx\/wp\/wp-json\/wp\/v2\/users\/11"}],"replies":[{"embeddable":true,"href":"https:\/\/notitodo.com.mx\/wp\/wp-json\/wp\/v2\/comments?post=74008"}],"version-history":[{"count":1,"href":"https:\/\/notitodo.com.mx\/wp\/wp-json\/wp\/v2\/posts\/74008\/revisions"}],"predecessor-version":[{"id":74011,"href":"https:\/\/notitodo.com.mx\/wp\/wp-json\/wp\/v2\/posts\/74008\/revisions\/74011"}],"wp:featuredmedia":[{"embeddable":true,"href":"https:\/\/notitodo.com.mx\/wp\/wp-json\/wp\/v2\/media\/74010"}],"wp:attachment":[{"href":"https:\/\/notitodo.com.mx\/wp\/wp-json\/wp\/v2\/media?parent=74008"}],"wp:term":[{"taxonomy":"category","embeddable":true,"href":"https:\/\/notitodo.com.mx\/wp\/wp-json\/wp\/v2\/categories?post=74008"},{"taxonomy":"post_tag","embeddable":true,"href":"https:\/\/notitodo.com.mx\/wp\/wp-json\/wp\/v2\/tags?post=74008"}],"curies":[{"name":"wp","href":"https:\/\/api.w.org\/{rel}","templated":true}]}}