{"id":737,"date":"2016-05-01T23:45:21","date_gmt":"2016-05-01T23:45:21","guid":{"rendered":"http:\/\/notitodo.com.mx\/wp\/?p=737"},"modified":"2016-08-10T18:43:19","modified_gmt":"2016-08-10T18:43:19","slug":"popocatepetl-registra-53-exhalaciones-en-las-ultimas-horas","status":"publish","type":"post","link":"https:\/\/notitodo.com.mx\/wp\/popocatepetl-registra-53-exhalaciones-en-las-ultimas-horas\/","title":{"rendered":"Popocat\u00e9petl registra 53 exhalaciones en las \u00faltimas horas"},"content":{"rendered":"<p style=\"text-align: justify;\">En las \u00faltimas 24 horas, el volc\u00e1n Popocat\u00e9petl registr\u00f3 53 exhalaciones de baja intensidad que estuvieron acompa\u00f1adas por emisiones de vapor de agua y gases, as\u00ed como cinco explosiones. Adem\u00e1s se<!--more--> registraron seis minutos de tremor arm\u00f3nico de baja amplitud.<\/p>\n<p style=\"text-align: justify;\">El Centro Nacional de Prevenci\u00f3n de Desastres (Cenapred) inform\u00f3 que durante algunos lapsos en el transcurso de la noche se observ\u00f3 ligera incandescencia que aumentaba al momento de algunas de las exhalaciones.<\/p>\n<p style=\"text-align: justify;\">Asimismo el Cenapred exhorta a la poblaci\u00f3n a no acercarse al volc\u00e1n y sobre todo al cr\u00e1ter, por el peligro que implica la ca\u00edda de fragmentos bal\u00edsticos.<\/p>\n<p style=\"text-align: justify;\">El Sem\u00e1foro de Alerta Volc\u00e1nica del Popocat\u00e9petl se encuentra en Amarillo Fase 2.<br \/>\nfuente: prodigy<\/p>\n","protected":false},"excerpt":{"rendered":"<p>En las \u00faltimas 24 horas, el volc\u00e1n Popocat\u00e9petl registr\u00f3 53 exhalaciones de baja intensidad que estuvieron acompa\u00f1adas por emisiones de vapor de agua y gases, as\u00ed como cinco explosiones. Adem\u00e1s se<\/p>\n","protected":false},"author":1,"featured_media":741,"comment_status":"open","ping_status":"open","sticky":false,"template":"","format":"standard","meta":{"footnotes":""},"categories":[6],"tags":[],"class_list":["post-737","post","type-post","status-publish","format-standard","has-post-thumbnail","hentry","category-nacionales"],"views":6,"_links":{"self":[{"href":"https:\/\/notitodo.com.mx\/wp\/wp-json\/wp\/v2\/posts\/737","targetHints":{"allow":["GET"]}}],"collection":[{"href":"https:\/\/notitodo.com.mx\/wp\/wp-json\/wp\/v2\/posts"}],"about":[{"href":"https:\/\/notitodo.com.mx\/wp\/wp-json\/wp\/v2\/types\/post"}],"author":[{"embeddable":true,"href":"https:\/\/notitodo.com.mx\/wp\/wp-json\/wp\/v2\/users\/1"}],"replies":[{"embeddable":true,"href":"https:\/\/notitodo.com.mx\/wp\/wp-json\/wp\/v2\/comments?post=737"}],"version-history":[{"count":2,"href":"https:\/\/notitodo.com.mx\/wp\/wp-json\/wp\/v2\/posts\/737\/revisions"}],"predecessor-version":[{"id":1611,"href":"https:\/\/notitodo.com.mx\/wp\/wp-json\/wp\/v2\/posts\/737\/revisions\/1611"}],"wp:featuredmedia":[{"embeddable":true,"href":"https:\/\/notitodo.com.mx\/wp\/wp-json\/wp\/v2\/media\/741"}],"wp:attachment":[{"href":"https:\/\/notitodo.com.mx\/wp\/wp-json\/wp\/v2\/media?parent=737"}],"wp:term":[{"taxonomy":"category","embeddable":true,"href":"https:\/\/notitodo.com.mx\/wp\/wp-json\/wp\/v2\/categories?post=737"},{"taxonomy":"post_tag","embeddable":true,"href":"https:\/\/notitodo.com.mx\/wp\/wp-json\/wp\/v2\/tags?post=737"}],"curies":[{"name":"wp","href":"https:\/\/api.w.org\/{rel}","templated":true}]}}