{"id":70495,"date":"2019-12-21T04:02:20","date_gmt":"2019-12-21T04:02:20","guid":{"rendered":"https:\/\/notitodo.com.mx\/wp\/?p=70495"},"modified":"2019-12-21T04:02:20","modified_gmt":"2019-12-21T04:02:20","slug":"inaugura-javier-corral-la-plaza-fray-justo-goizueta-en-ciudad-madera","status":"publish","type":"post","link":"https:\/\/notitodo.com.mx\/wp\/inaugura-javier-corral-la-plaza-fray-justo-goizueta-en-ciudad-madera\/","title":{"rendered":"Inaugura Javier Corral la Plaza Fray Justo Goizueta en Ciudad Madera"},"content":{"rendered":"<p class=\"x_gmail-MsoListParagraph\">\u00a0Durante su estancia en este municipio, el Gobernador felicita al presb\u00edtero Camilo Daniel que se encuentra festejando por el 50 aniversario de su ordenaci\u00f3n sacerdotal<\/p>\n<p class=\"x_MsoNormal\">El gobernador Javier Corral Jurado inaugur\u00f3 en Ciudad Madera la plaza construida en honor a Fray Justo Goizueta, quien fuera el primer obispo de la entonces prelatura de la localidad.<\/p>\n<p class=\"x_MsoNormal\">El evento se celebr\u00f3 en el marco de la celebraci\u00f3n de los primeros 50 a\u00f1os de la ordenaci\u00f3n como sacerdote del<\/p>\n<p><!--more--><\/p>\n<p class=\"x_MsoNormal\">presb\u00edtero Camilo Daniel.<\/p>\n<p class=\"x_MsoNormal\">El mandatario estatal felicit\u00f3 al alcalde Jaime Torres Amaya por erigir esta plaza que se ubica en el atrio de la catedral, que el propio Don Justo Goizueta comenz\u00f3 a construir.<\/p>\n<p class=\"x_MsoNormal\">\u201cEs un acierto recuperar para la comunidad este espacio y dedicarlo a Fray Justo Goizueta, porque hablamos de una biograf\u00eda vinculada y muy cercana a la gente, de sus pasos por Madera\u201d, dijo Corral.<\/p>\n<p class=\"x_MsoNormal\">A\u00f1adi\u00f3 que la historia recupera la cercan\u00eda de Don Justo con el pueblo, en acci\u00f3n que trasciende a lo religioso, toda vez que se insert\u00f3 en los aspectos econ\u00f3mico y social de la localidad.<\/p>\n<p class=\"x_MsoNormal\">Refiri\u00f3 que fue un art\u00edfice del desarrollo inicial de esta regi\u00f3n y que biograf\u00edas como las de monse\u00f1or Justo, merecen un espacio para que cumpla la funci\u00f3n para la cual los monumentos son erigidos.<\/p>\n<p class=\"x_MsoNormal\">\u201cPara ser espacios de inspiraci\u00f3n y al ver el nombre de los personajes, recuperemos su biograf\u00eda, la trascendencia de su obra y el sentido que dieron a su ministerio\u201d, manifest\u00f3 el titular del Ejecutivo estatal.<\/p>\n<p class=\"x_MsoNormal\">Expres\u00f3 su reconocimiento y felicitaci\u00f3n al presb\u00edtero Camilo Daniel por la celebraci\u00f3n de sus 50 a\u00f1os como sacerdote.<\/p>\n<p class=\"x_MsoNormal\">\u201cHace m\u00e1s de 30 a\u00f1os que tuvimos la oportunidad de conocernos en el seccional de An\u00e1huac, municipio de Cuauht\u00e9moc, y desde entonces para m\u00ed la figura de Camilo Daniel ha sido una figura se\u00f1era en m\u00e1s de un sentido, una figura inspiradora, realmente comprometida con el evangelio cristiano\u201d, abund\u00f3.<\/p>\n<p class=\"x_MsoNormal\">Expres\u00f3 que Camilo Daniel ha sido fiel a Dios y al pueblo, y con su acci\u00f3n pastoral tambi\u00e9n ha trascendido lo religioso, porque se ha insertado en las causas m\u00e1s vivas del pueblo de Chihuahua.<\/p>\n<p class=\"x_MsoNormal\">\u201cHe venido a acompa\u00f1arlo y agradecerle por lo que hace desde su ministerio sacerdotal y acci\u00f3n de acompa\u00f1amiento, a las mejores y profundas causas de Chihuahua\u201d, apunt\u00f3.<\/p>\n<p class=\"x_MsoNormal\">El obispo de la Di\u00f3cesis Cuauht\u00e9moc-Madera, Juan Guillermo L\u00f3pez Soto, manifest\u00f3 en su intervenci\u00f3n que el proyecto de la plaza que hoy se inaugura tiene muchos a\u00f1os atr\u00e1s.<\/p>\n<p class=\"x_MsoNormal\">\u201cA Don Justo le toc\u00f3 ir contra corriente, poner los cimientos de una iglesia local, luchar en la adversidad sin recursos y tuvo que viajar mucho para conseguirlos para la prelatura de Madera\u201d, record\u00f3.<\/p>\n<p class=\"x_MsoNormal\">A su vez el alcalde Jaime Torres Amaya, indic\u00f3 que el significado de esta plaza va mucho m\u00e1s all\u00e1 de la inversi\u00f3n realizada, toda vez que se trata de un homenaje a un personaje que fue muy importante para la comunidad cat\u00f3lica, como lo fue don Justo Goizueta.<\/p>\n","protected":false},"excerpt":{"rendered":"<p>\u00a0Durante su estancia en este municipio, el Gobernador felicita al presb\u00edtero Camilo Daniel que se encuentra festejando por el 50 aniversario de su ordenaci\u00f3n sacerdotal El gobernador Javier Corral Jurado inaugur\u00f3 en Ciudad Madera la plaza construida en honor a Fray Justo Goizueta, quien fuera el primer obispo de la entonces prelatura de la localidad. [&hellip;]<\/p>\n","protected":false},"author":5,"featured_media":70497,"comment_status":"open","ping_status":"open","sticky":false,"template":"","format":"standard","meta":{"footnotes":""},"categories":[7],"tags":[],"class_list":["post-70495","post","type-post","status-publish","format-standard","has-post-thumbnail","hentry","category-estatales"],"views":31,"_links":{"self":[{"href":"https:\/\/notitodo.com.mx\/wp\/wp-json\/wp\/v2\/posts\/70495","targetHints":{"allow":["GET"]}}],"collection":[{"href":"https:\/\/notitodo.com.mx\/wp\/wp-json\/wp\/v2\/posts"}],"about":[{"href":"https:\/\/notitodo.com.mx\/wp\/wp-json\/wp\/v2\/types\/post"}],"author":[{"embeddable":true,"href":"https:\/\/notitodo.com.mx\/wp\/wp-json\/wp\/v2\/users\/5"}],"replies":[{"embeddable":true,"href":"https:\/\/notitodo.com.mx\/wp\/wp-json\/wp\/v2\/comments?post=70495"}],"version-history":[{"count":1,"href":"https:\/\/notitodo.com.mx\/wp\/wp-json\/wp\/v2\/posts\/70495\/revisions"}],"predecessor-version":[{"id":70498,"href":"https:\/\/notitodo.com.mx\/wp\/wp-json\/wp\/v2\/posts\/70495\/revisions\/70498"}],"wp:featuredmedia":[{"embeddable":true,"href":"https:\/\/notitodo.com.mx\/wp\/wp-json\/wp\/v2\/media\/70497"}],"wp:attachment":[{"href":"https:\/\/notitodo.com.mx\/wp\/wp-json\/wp\/v2\/media?parent=70495"}],"wp:term":[{"taxonomy":"category","embeddable":true,"href":"https:\/\/notitodo.com.mx\/wp\/wp-json\/wp\/v2\/categories?post=70495"},{"taxonomy":"post_tag","embeddable":true,"href":"https:\/\/notitodo.com.mx\/wp\/wp-json\/wp\/v2\/tags?post=70495"}],"curies":[{"name":"wp","href":"https:\/\/api.w.org\/{rel}","templated":true}]}}