{"id":70294,"date":"2019-12-18T14:37:18","date_gmt":"2019-12-18T14:37:18","guid":{"rendered":"https:\/\/notitodo.com.mx\/wp\/?p=70294"},"modified":"2019-12-18T14:37:18","modified_gmt":"2019-12-18T14:37:18","slug":"dejara-ismael-rodriguez-gallegos-la-coordinacion-ejecutiva-de-gabinete-por-acuerdo-previo","status":"publish","type":"post","link":"https:\/\/notitodo.com.mx\/wp\/dejara-ismael-rodriguez-gallegos-la-coordinacion-ejecutiva-de-gabinete-por-acuerdo-previo\/","title":{"rendered":"Dejar\u00e1 Ismael Rodr\u00edguez Gallegos la Coordinaci\u00f3n Ejecutiva de Gabinete por acuerdo previo"},"content":{"rendered":"<p>Permanecer\u00e1 en el cargo hasta el final de 2019; el gobernador designar\u00e1 a su sucesor a partir del a\u00f1o entrante<\/p>\n<p>Conforme a un acuerdo previo con el gobernador Javier Corral Jurado, el coordinador ejecutivo de<\/p>\n<p><!--more--><\/p>\n<p>Gabinete, Ismael Rodr\u00edguez Gallegos, cumplir\u00e1 su funci\u00f3n en el cargo hasta el \u00faltimo d\u00eda de 2019.<\/p>\n<p>\u201cFue un acuerdo previo el que tuvimos. Fue una gran experiencia que a m\u00ed me dio la oportunidad de servir a mi comunidad, que era uno de mis grandes objetivos, y de trabajar y apoyar a una persona como es el gobernador Corral, una persona de firmes convicciones, de una aut\u00e9ntica intenci\u00f3n de cambiar el gobierno al pelear contra la corrupci\u00f3n y contra la impunidad\u201d, se\u00f1al\u00f3 Rodr\u00edguez Gallegos.<\/p>\n<p>El mandatario estatal designar\u00e1 a la persona que ser\u00e1 responsable de dirigir la Coordinaci\u00f3n Ejecutiva del Gabinete (CEG), a partir del 1 de enero de 2020, para encabezar el esfuerzo de cierre de Administraci\u00f3n por parte del equipo que acompa\u00f1a a Javier Corral.<\/p>\n<p>El a\u00fan coordinador del Gabinete dijo que durante tres a\u00f1os tuvo la oportunidad de estar en la administraci\u00f3n actual que encabeza el gobernador, pero continuar\u00e1 en otras tareas mientras as\u00ed lo designe el mandatario estatal.<\/p>\n<p>Rodr\u00edguez es un empresario con maestr\u00eda en Administraci\u00f3n de Empresas por el ITESM Campus Monterrey, se incorpor\u00f3 al Gobierno del Estado de Chihuahua en 2016 para dirigir la Junta Central de Agua y Saneamiento y posteriormente, en febrero de 2018, asumi\u00f3 la titularidad de la CEG, donde articul\u00f3 una reingenier\u00eda administrativa, adem\u00e1s de dirigir los trabajos para conformar el Plan de Inversi\u00f3n Estatal 2019-2021.<\/p>\n<p>Se\u00f1al\u00f3 que apoyar\u00e1 a la administraci\u00f3n encabezada por Javier Corral, al mantenerse como presidente del Consejo Directivo de la Junta Central de Agua y Saneamiento (JCAS); tambi\u00e9n tendr\u00e1 la encomienda de representar al gobernador en el Fideicomiso de los Puentes Fronterizos y de desempe\u00f1ar otras labores en el Fideicomiso del Centro Hist\u00f3rico.<\/p>\n<p>&#8212;<\/p>\n","protected":false},"excerpt":{"rendered":"<p>Permanecer\u00e1 en el cargo hasta el final de 2019; el gobernador designar\u00e1 a su sucesor a partir del a\u00f1o entrante Conforme a un acuerdo previo con el gobernador Javier Corral Jurado, el coordinador ejecutivo de<\/p>\n","protected":false},"author":5,"featured_media":70296,"comment_status":"open","ping_status":"open","sticky":false,"template":"","format":"standard","meta":{"footnotes":""},"categories":[7],"tags":[],"class_list":["post-70294","post","type-post","status-publish","format-standard","has-post-thumbnail","hentry","category-estatales"],"views":5,"_links":{"self":[{"href":"https:\/\/notitodo.com.mx\/wp\/wp-json\/wp\/v2\/posts\/70294","targetHints":{"allow":["GET"]}}],"collection":[{"href":"https:\/\/notitodo.com.mx\/wp\/wp-json\/wp\/v2\/posts"}],"about":[{"href":"https:\/\/notitodo.com.mx\/wp\/wp-json\/wp\/v2\/types\/post"}],"author":[{"embeddable":true,"href":"https:\/\/notitodo.com.mx\/wp\/wp-json\/wp\/v2\/users\/5"}],"replies":[{"embeddable":true,"href":"https:\/\/notitodo.com.mx\/wp\/wp-json\/wp\/v2\/comments?post=70294"}],"version-history":[{"count":1,"href":"https:\/\/notitodo.com.mx\/wp\/wp-json\/wp\/v2\/posts\/70294\/revisions"}],"predecessor-version":[{"id":70297,"href":"https:\/\/notitodo.com.mx\/wp\/wp-json\/wp\/v2\/posts\/70294\/revisions\/70297"}],"wp:featuredmedia":[{"embeddable":true,"href":"https:\/\/notitodo.com.mx\/wp\/wp-json\/wp\/v2\/media\/70296"}],"wp:attachment":[{"href":"https:\/\/notitodo.com.mx\/wp\/wp-json\/wp\/v2\/media?parent=70294"}],"wp:term":[{"taxonomy":"category","embeddable":true,"href":"https:\/\/notitodo.com.mx\/wp\/wp-json\/wp\/v2\/categories?post=70294"},{"taxonomy":"post_tag","embeddable":true,"href":"https:\/\/notitodo.com.mx\/wp\/wp-json\/wp\/v2\/tags?post=70294"}],"curies":[{"name":"wp","href":"https:\/\/api.w.org\/{rel}","templated":true}]}}