{"id":68867,"date":"2019-11-28T05:08:46","date_gmt":"2019-11-28T05:08:46","guid":{"rendered":"https:\/\/notitodo.com.mx\/wp\/?p=68867"},"modified":"2019-11-28T05:08:46","modified_gmt":"2019-11-28T05:08:46","slug":"participan-estudiantes-de-secundaria-en-jornada-contra-la-violencia-de-genero","status":"publish","type":"post","link":"https:\/\/notitodo.com.mx\/wp\/participan-estudiantes-de-secundaria-en-jornada-contra-la-violencia-de-genero\/","title":{"rendered":"Participan estudiantes de secundaria en  jornada contra la violencia de g\u00e9nero"},"content":{"rendered":"<p class=\"x_MsoNormal\"><i><span lang=\"ES-MX\">Como parte de las actividades por el D\u00eda Internacional de la Eliminaci\u00f3n de la Violencia Contra la Mujer; elaboran \u201cmural de manos\u201d, con frases y dibujos sobre el tema; la educaci\u00f3n es la parte medular en la formaci\u00f3n de mejores ciudadanos y ciudadanas<\/span><\/i><\/p>\n<p class=\"x_MsoNormal\"><i><span lang=\"ES-MX\">\u00a0<\/span><\/i><\/p>\n<p class=\"x_MsoNormal\"><span lang=\"ES-MX\">\u00a0<\/span><\/p>\n<p class=\"x_MsoNormal\"><span lang=\"ES-MX\">Como parte de las acciones realizadas por la Unidad de Servicio de Apoyo a la Escuela Regular\u00a0 (Usaer 8R), que brinda soporte a la Secundaria T\u00e9cnica 29, de la colonia Los Pinos, se llev\u00f3 a cabo una jornada para conmemorar el D\u00eda Internacional de la Eliminaci\u00f3n de la Violencia Contra la Mujer.<\/span><\/p>\n<p class=\"x_MsoNormal\"><span lang=\"ES-MX\">\u00a0<\/span><\/p>\n<p class=\"x_MsoNormal\"><span lang=\"ES-MX\">Con esta actividad realizada por el alumnado de dicho centro escolar, se busca promover entre las y los adolescentes, una postura en contra del abuso y la discriminaci\u00f3n hacia el g\u00e9nero femenino.<\/span><\/p>\n<p class=\"x_MsoNormal\"><span lang=\"ES-MX\">\u00a0<\/span><\/p>\n<p class=\"x_MsoNormal\"><span lang=\"ES-MX\">El proyecto denominado &#8220;Manos con Voz&#8221;, trabaja en la sensibilizaci\u00f3n y concientizaci\u00f3n de la poblaci\u00f3n escolar de esta instituci\u00f3n educativa, respecto a las diferentes manifestaciones de violencia, e informa sobre las cifras que lamentablemente se tienen en M\u00e9xico y en el mundo, en este contexto..<\/span><\/p>\n<p class=\"x_MsoNormal\"><span lang=\"ES-MX\">\u00a0<\/span><\/p>\n<p class=\"x_MsoNormal\"><span lang=\"ES-MX\">\u201cLa violencia contra la mujer va en aumento y son estas acciones las que nos permiten visibilizar una situaci\u00f3n que se mantiene oculta para aquellas personas que no cambian sus estilos de crianza y que con su comportamiento, reproducen y repiten\u00a0 patrones de violencia\u201d, indic\u00f3 el integrante de Usaer Mario Vida\u00f1a<\/span><\/p>\n<p class=\"x_MsoNormal\"><span lang=\"ES-MX\">\u00a0<\/span><\/p>\n<p class=\"x_MsoNormal\"><span lang=\"ES-MX\">Por ello, explic\u00f3, la Usaer 8R considera que las y los alumnos, constituyen un elemento trascendental para combatir y minimizar los diferentes tipos de violencia, ya que en las etapas de adolescencia y juventud se inician en la mayor\u00eda de los casos, los problemas relacionados con esta situaci\u00f3n.<\/span><\/p>\n<p class=\"x_MsoNormal\"><span lang=\"ES-MX\">\u00a0<\/span><\/p>\n<p class=\"x_MsoNormal\"><span lang=\"ES-MX\">Aunado a lo anterior, se generan estos espacios de reflexi\u00f3n, como actividades exploratorias para la detecci\u00f3n e identificaci\u00f3n de aptitudes sobresalientes en las \u00e1reas socio afectiva, creativa y art\u00edstica, indic\u00f3.<\/span><\/p>\n<p class=\"x_MsoNormal\"><span lang=\"ES-MX\">\u00a0<\/span><\/p>\n<p class=\"x_MsoNormal\"><span lang=\"ES-MX\">El proyecto culmin\u00f3 con un \u201cmural de manos\u201d, elaborado con la participaci\u00f3n de cada estudiante quienes agregaron una frase, pensamiento o dibujo, para darles voz a todas y todos, demostrando con ello que la educaci\u00f3n es la parte medular en la formaci\u00f3n de mejores ciudadanos y ciudadanas, indic\u00f3 Vida\u00f1a.<\/span><\/p>\n<p class=\"x_MsoNormal\"><span lang=\"ES-MX\">\u00a0<\/span><\/p>\n","protected":false},"excerpt":{"rendered":"<p>Como parte de las actividades por el D\u00eda Internacional de la Eliminaci\u00f3n de la Violencia Contra la Mujer; elaboran \u201cmural de manos\u201d, con frases y dibujos sobre el tema; la educaci\u00f3n es la parte medular en la formaci\u00f3n de mejores ciudadanos y ciudadanas \u00a0 \u00a0 Como parte de las acciones realizadas por la Unidad de [&hellip;]<\/p>\n","protected":false},"author":5,"featured_media":68869,"comment_status":"open","ping_status":"open","sticky":false,"template":"","format":"standard","meta":{"footnotes":""},"categories":[15],"tags":[],"class_list":["post-68867","post","type-post","status-publish","format-standard","has-post-thumbnail","hentry","category-educacion"],"views":4,"_links":{"self":[{"href":"https:\/\/notitodo.com.mx\/wp\/wp-json\/wp\/v2\/posts\/68867","targetHints":{"allow":["GET"]}}],"collection":[{"href":"https:\/\/notitodo.com.mx\/wp\/wp-json\/wp\/v2\/posts"}],"about":[{"href":"https:\/\/notitodo.com.mx\/wp\/wp-json\/wp\/v2\/types\/post"}],"author":[{"embeddable":true,"href":"https:\/\/notitodo.com.mx\/wp\/wp-json\/wp\/v2\/users\/5"}],"replies":[{"embeddable":true,"href":"https:\/\/notitodo.com.mx\/wp\/wp-json\/wp\/v2\/comments?post=68867"}],"version-history":[{"count":1,"href":"https:\/\/notitodo.com.mx\/wp\/wp-json\/wp\/v2\/posts\/68867\/revisions"}],"predecessor-version":[{"id":68870,"href":"https:\/\/notitodo.com.mx\/wp\/wp-json\/wp\/v2\/posts\/68867\/revisions\/68870"}],"wp:featuredmedia":[{"embeddable":true,"href":"https:\/\/notitodo.com.mx\/wp\/wp-json\/wp\/v2\/media\/68869"}],"wp:attachment":[{"href":"https:\/\/notitodo.com.mx\/wp\/wp-json\/wp\/v2\/media?parent=68867"}],"wp:term":[{"taxonomy":"category","embeddable":true,"href":"https:\/\/notitodo.com.mx\/wp\/wp-json\/wp\/v2\/categories?post=68867"},{"taxonomy":"post_tag","embeddable":true,"href":"https:\/\/notitodo.com.mx\/wp\/wp-json\/wp\/v2\/tags?post=68867"}],"curies":[{"name":"wp","href":"https:\/\/api.w.org\/{rel}","templated":true}]}}