{"id":68493,"date":"2019-11-23T05:07:06","date_gmt":"2019-11-23T05:07:06","guid":{"rendered":"https:\/\/notitodo.com.mx\/wp\/?p=68493"},"modified":"2019-11-23T05:07:54","modified_gmt":"2019-11-23T05:07:54","slug":"preocupa-a-chihuahua-recorte-de-participaciones-federales-por-casi-600-millones-de-pesos-javier-corral","status":"publish","type":"post","link":"https:\/\/notitodo.com.mx\/wp\/preocupa-a-chihuahua-recorte-de-participaciones-federales-por-casi-600-millones-de-pesos-javier-corral\/","title":{"rendered":"Preocupa a Chihuahua recorte de participaciones federales por casi 600 millones de pesos: Javier Corral"},"content":{"rendered":"<p class=\"x_gmail-MsoNoSpacing\">\u00a0Luego de que los diputados aprobaran el Presupuesto Federal 2020, el Gobernador advirti\u00f3 que ni siquiera fueron compensadas p\u00e9rdidas en diversos rubros<\/p>\n<p class=\"x_MsoNormal\">El gobernador Javier Corral Jurado extern\u00f3 su preocupaci\u00f3n por que el Presupuesto Federal (PEF) 2020 aprobado durante la madrugada de hoy, no refleja la correcci\u00f3n que ofreci\u00f3 la Secretar\u00eda de Hacienda en materia de participaciones y aportaciones para Chihuahua.<\/p>\n<p class=\"x_MsoNormal\">En conferencia de prensa a la que convoc\u00f3 tras conocer la aprobaci\u00f3n del PEF, el gobernador inform\u00f3 que reci\u00e9n envi\u00f3 un mensaje a la Secretar\u00eda de Hacienda para ver si ellos le indicaban d\u00f3nde hab\u00edan movido o reacomodado para compensar la p\u00e9rdida que en t\u00e9rminos reales proyecta el Presupuesto para Chihuahua en aportaciones federales y participaci\u00f3n.<\/p>\n<p class=\"x_MsoNormal\">Explic\u00f3 que de no confirmarse ninguna modificaci\u00f3n favorable al estado, \u201cestar\u00edamos en un serio problema de reducci\u00f3n de participaciones de casi 600 millones de pesos.\u00a0\u00a0 Ya hemos perdido este a\u00f1o por la baja de la Recaudaci\u00f3n Federal Participable cerca de 400 millones de pesos\u201d.<\/p>\n<p class=\"x_MsoNormal\">Agreg\u00f3 que tampoco fue compensada la p\u00e9rdida de participaci\u00f3n de este a\u00f1o, \u201cni siquiera en el 75% que prev\u00e9 el Fondo de Estabilizaci\u00f3n de Ingresos para las Entidades Federativas\u201d.<\/p>\n<p class=\"x_MsoNormal\">Dijo que tras las primeras horas de la aprobaci\u00f3n del PEF 2020, es motivo de gran preocupaci\u00f3n para \u00e9l, no localizar la rectificaci\u00f3n que hab\u00edan ofrecido.<\/p>\n<p class=\"x_MsoNormal\">\u201cNos dijeron que por lo menos nos iban a garantizar los mismos t\u00e9rminos del Presupuesto 2019, pero no es as\u00ed, no vemos que se haya corregido\u201d, explic\u00f3.<\/p>\n<p class=\"x_MsoNormal\">Record\u00f3 que estos temas los trat\u00f3 con el secretario de Hacienda. \u201cLe ped\u00ed que pudi\u00e9ramos modificar las reglas de distribuci\u00f3n de este Fondo, porque luego terminan siendo compensados estados que no pierden por la baja de la recaudaci\u00f3n\u201d.<\/p>\n<p class=\"x_MsoNormal\">Se\u00f1al\u00f3 que con lo que se ha perdido este a\u00f1o, que est\u00e1 complicando el cierre fiscal, m\u00e1s esta proyecci\u00f3n, \u201cs\u00ed estamos en un escenario de preocupaci\u00f3n\u201d.<\/p>\n<p class=\"x_MsoNormal\">Inform\u00f3 que de lo que han logrado verificar, es que el presupuesto de Desarrollo Rural no se modific\u00f3. Solamente hay un incremento de mil 300 millones de pesos. Una bolsa general para el pa\u00eds en materia de Fondo de Desarrollo Rural.<\/p>\n<p class=\"x_MsoNormal\">Lo que s\u00ed se pierde es el Fondo de Concurrencia, el Fondo de Seguro Catastr\u00f3fico,\u00a0 el Fondo de Desarrollo Rural y todo el tema hidroagr\u00edcola.<\/p>\n<p class=\"x_MsoNormal\">En esos rubros Chihuahua est\u00e1 perdiendo aproximadamente 220 millones de pesos.<\/p>\n<p class=\"x_MsoNormal\">Agreg\u00f3 que tampoco han visto correcci\u00f3n en el tema de la Secretar\u00eda de Comunicaciones y Transportes, que tiene una de las afectaciones m\u00e1s fuertes.<\/p>\n<p class=\"x_MsoNormal\">\u201cLamentablemente pues no se ve bien, No se ve bien\u201d, se\u00f1al\u00f3.<\/p>\n<p class=\"x_MsoNormal\">\n","protected":false},"excerpt":{"rendered":"<p>\u00a0Luego de que los diputados aprobaran el Presupuesto Federal 2020, el Gobernador advirti\u00f3 que ni siquiera fueron compensadas p\u00e9rdidas en diversos rubros El gobernador Javier Corral Jurado extern\u00f3 su preocupaci\u00f3n por que el Presupuesto Federal (PEF) 2020 aprobado durante la madrugada de hoy, no refleja la correcci\u00f3n que ofreci\u00f3 la Secretar\u00eda de Hacienda en materia [&hellip;]<\/p>\n","protected":false},"author":5,"featured_media":68497,"comment_status":"open","ping_status":"open","sticky":false,"template":"","format":"standard","meta":{"footnotes":""},"categories":[7],"tags":[],"class_list":["post-68493","post","type-post","status-publish","format-standard","has-post-thumbnail","hentry","category-estatales"],"views":17,"_links":{"self":[{"href":"https:\/\/notitodo.com.mx\/wp\/wp-json\/wp\/v2\/posts\/68493","targetHints":{"allow":["GET"]}}],"collection":[{"href":"https:\/\/notitodo.com.mx\/wp\/wp-json\/wp\/v2\/posts"}],"about":[{"href":"https:\/\/notitodo.com.mx\/wp\/wp-json\/wp\/v2\/types\/post"}],"author":[{"embeddable":true,"href":"https:\/\/notitodo.com.mx\/wp\/wp-json\/wp\/v2\/users\/5"}],"replies":[{"embeddable":true,"href":"https:\/\/notitodo.com.mx\/wp\/wp-json\/wp\/v2\/comments?post=68493"}],"version-history":[{"count":1,"href":"https:\/\/notitodo.com.mx\/wp\/wp-json\/wp\/v2\/posts\/68493\/revisions"}],"predecessor-version":[{"id":68496,"href":"https:\/\/notitodo.com.mx\/wp\/wp-json\/wp\/v2\/posts\/68493\/revisions\/68496"}],"wp:featuredmedia":[{"embeddable":true,"href":"https:\/\/notitodo.com.mx\/wp\/wp-json\/wp\/v2\/media\/68497"}],"wp:attachment":[{"href":"https:\/\/notitodo.com.mx\/wp\/wp-json\/wp\/v2\/media?parent=68493"}],"wp:term":[{"taxonomy":"category","embeddable":true,"href":"https:\/\/notitodo.com.mx\/wp\/wp-json\/wp\/v2\/categories?post=68493"},{"taxonomy":"post_tag","embeddable":true,"href":"https:\/\/notitodo.com.mx\/wp\/wp-json\/wp\/v2\/tags?post=68493"}],"curies":[{"name":"wp","href":"https:\/\/api.w.org\/{rel}","templated":true}]}}