{"id":68404,"date":"2019-11-22T05:21:39","date_gmt":"2019-11-22T05:21:39","guid":{"rendered":"https:\/\/notitodo.com.mx\/wp\/?p=68404"},"modified":"2019-11-22T05:21:39","modified_gmt":"2019-11-22T05:21:39","slug":"invita-seech-a-docentes-con-30-anos-de-servicio-a-participar-en-el-premio-maestro-rafael-ramirez","status":"publish","type":"post","link":"https:\/\/notitodo.com.mx\/wp\/invita-seech-a-docentes-con-30-anos-de-servicio-a-participar-en-el-premio-maestro-rafael-ramirez\/","title":{"rendered":"Invita Seech a docentes con 30 a\u00f1os de servicio a participar en el premio \u201cMaestro Rafael Ram\u00edrez\u201d"},"content":{"rendered":"<p><span lang=\"ES-MX\">Servicios Educativos del Estado de Chihuahua (Seech) invita a las y los docentes con 30 a\u00f1os de servicio efectivo, a que se inscriban para obtener el premio \u201cMaestro Rafael Ram\u00edrez\u201d.<\/span><\/p>\n<p><span lang=\"ES-MX\">Dicho galard\u00f3n es un est\u00edmulo otorgado por las autoridades educativas estatales y federales, para reconocer el trabajo desempe\u00f1ado a lo largo de 30 a\u00f1os, por las y los docentes.<\/span><\/p>\n<p><span lang=\"ES-MX\">Para ello las personas interesadas deber\u00e1n haber cumplido con sus a\u00f1os de servicio efectivo, dentro del periodo del 16 de mayo de 2019 al 15 de mayo de 2020.<\/span><\/p>\n<p><span lang=\"ES-MX\">En esta convocatoria se incluye a docentes jubilados, en el lapso del 1 de febrero de 2019 al 31 de enero de 2020.<\/span><\/p>\n<p><span lang=\"ES-MX\">Quienes deseen participar deben realizar sus tr\u00e1mites en las oficinas centrales de Servicios Educativos del Estado de Chihuahua, Seech, en el Departamento de Recursos Humanos, en avenida Antonio de Montes\u00a0 4700, colonia Panamericana, en la ciudad de Chihuahua.<\/span><\/p>\n<p><span lang=\"ES-MX\">De igual forma en los Servicios Regionales de Seech en Ciudad Ju\u00e1rez, Hidalgo del Parral, Cuauht\u00e9moc y Delicias, as\u00ed como en las oficinas de la Secci\u00f3n 8 del SNTE en la ciudad de Chihuahua, ubicadas en avenida Homero y calle Nicol\u00e1s Gogol.<\/span><\/p>\n<p><span lang=\"ES-MX\">\u00a0<\/span><\/p>\n<p><span lang=\"ES-MX\">\u00a0<\/span><\/p>\n<p><span lang=\"ES-MX\">\u00a0<\/span><\/p>\n<p><span lang=\"ES-MX\">La fecha l\u00edmite para la inscripci\u00f3n es el pr\u00f3ximo d\u00eda 27 de noviembre del a\u00f1o en curso, hasta las 15:00 horas, por lo que se invita a las maestras y maestros interesados a que acudan a las oficinas mencionadas para realizar este tr\u00e1mite.<\/span><\/p>\n<p><span lang=\"ES-MX\">Para cualquier duda o aclaraci\u00f3n, se pueden comunicar al tel\u00e9fono 614-4-29-13-35 en la extensi\u00f3n 13054 o bien consultar la convocatoria en la p\u00e1gina\u00a0<\/span><span lang=\"ES-MX\"><a id=\"LPlnk454802\" href=\"http:\/\/www.seech.gob.mx\/\" target=\"_blank\" rel=\"noopener noreferrer\" data-auth=\"NotApplicable\">www.seech.gob.mx<\/a><\/span><\/p>\n<div id=\"LPBorder_GTaHR0cDovL3d3dy5zZWVjaC5nb2IubXgv\" class=\"LPBorder850393\" contenteditable=\"false\">\n<table id=\"LPContainer850393\" role=\"presentation\">\n<tbody>\n<tr valign=\"top\">\n<td>\n<div id=\"LPTitle850393\"><a id=\"LPUrlAnchor850393\" href=\"http:\/\/www.seech.gob.mx\/\" target=\"_blank\" rel=\"noopener noreferrer\">Home | SEECh<\/a><\/div>\n<div id=\"LPDescription850393\">Capacitan a docentes de Educaci\u00f3n Especial para detectar estudiantes con Aptitudes Sobresalientes. Participan docentes de lenguaje y comunicaci\u00f3n, psic\u00f3logos, trabajadoras sociales y personal directivo de USAER.<\/div>\n<div id=\"LPMetadata850393\">www.seech.gob.mx<\/div>\n<\/td>\n<\/tr>\n<\/tbody>\n<\/table>\n<\/div>\n<p><span lang=\"ES-MX\">.<\/span><\/p>\n<p><span lang=\"ES-MX\">Este reconocimiento y est\u00edmulo econ\u00f3mico se entregar\u00e1 el a\u00f1o pr\u00f3ximo, en el marco de los festejos oficiales del Homenaje al Magisterio de Chihuahua, en el mes de mayo.<\/span><\/p>\n<p><span lang=\"ES-MX\">\u00a0\u00a0<\/span><\/p>\n","protected":false},"excerpt":{"rendered":"<p>Servicios Educativos del Estado de Chihuahua (Seech) invita a las y los docentes con 30 a\u00f1os de servicio efectivo, a que se inscriban para obtener el premio \u201cMaestro Rafael Ram\u00edrez\u201d. Dicho galard\u00f3n es un est\u00edmulo otorgado por las autoridades educativas estatales y federales, para reconocer el trabajo desempe\u00f1ado a lo largo de 30 a\u00f1os, por [&hellip;]<\/p>\n","protected":false},"author":5,"featured_media":68406,"comment_status":"open","ping_status":"open","sticky":false,"template":"","format":"standard","meta":{"footnotes":""},"categories":[15],"tags":[],"class_list":["post-68404","post","type-post","status-publish","format-standard","has-post-thumbnail","hentry","category-educacion"],"views":5,"_links":{"self":[{"href":"https:\/\/notitodo.com.mx\/wp\/wp-json\/wp\/v2\/posts\/68404","targetHints":{"allow":["GET"]}}],"collection":[{"href":"https:\/\/notitodo.com.mx\/wp\/wp-json\/wp\/v2\/posts"}],"about":[{"href":"https:\/\/notitodo.com.mx\/wp\/wp-json\/wp\/v2\/types\/post"}],"author":[{"embeddable":true,"href":"https:\/\/notitodo.com.mx\/wp\/wp-json\/wp\/v2\/users\/5"}],"replies":[{"embeddable":true,"href":"https:\/\/notitodo.com.mx\/wp\/wp-json\/wp\/v2\/comments?post=68404"}],"version-history":[{"count":1,"href":"https:\/\/notitodo.com.mx\/wp\/wp-json\/wp\/v2\/posts\/68404\/revisions"}],"predecessor-version":[{"id":68407,"href":"https:\/\/notitodo.com.mx\/wp\/wp-json\/wp\/v2\/posts\/68404\/revisions\/68407"}],"wp:featuredmedia":[{"embeddable":true,"href":"https:\/\/notitodo.com.mx\/wp\/wp-json\/wp\/v2\/media\/68406"}],"wp:attachment":[{"href":"https:\/\/notitodo.com.mx\/wp\/wp-json\/wp\/v2\/media?parent=68404"}],"wp:term":[{"taxonomy":"category","embeddable":true,"href":"https:\/\/notitodo.com.mx\/wp\/wp-json\/wp\/v2\/categories?post=68404"},{"taxonomy":"post_tag","embeddable":true,"href":"https:\/\/notitodo.com.mx\/wp\/wp-json\/wp\/v2\/tags?post=68404"}],"curies":[{"name":"wp","href":"https:\/\/api.w.org\/{rel}","templated":true}]}}