{"id":68294,"date":"2019-11-20T21:31:14","date_gmt":"2019-11-20T21:31:14","guid":{"rendered":"https:\/\/notitodo.com.mx\/wp\/?p=68294"},"modified":"2019-11-20T21:31:14","modified_gmt":"2019-11-20T21:31:14","slug":"impartira-carmen-herfter-conferencia-como-vivir-con-una-discapacidad","status":"publish","type":"post","link":"https:\/\/notitodo.com.mx\/wp\/impartira-carmen-herfter-conferencia-como-vivir-con-una-discapacidad\/","title":{"rendered":"Impartir\u00e1 Carmen Herfter conferencia  \u201cC\u00f3mo vivir con una discapacidad\u201d"},"content":{"rendered":"<p class=\"x_gmail-MsoHeader\"><i>En el marco del II Foro de Inclusi\u00f3n a trav\u00e9s de los Lenguajes Art\u00edsticos, este jueves 21 de noviembre a las 17:00 horas en Plaza Cultural Los Laureles; evento gratuito<\/i><\/p>\n<p class=\"x_gmail-MsoHeader\">\n<p class=\"x_gmail-MsoHeader\">\n<p class=\"x_gmail-MsoHeader\">La escritora chihuahuense Carmen Herfter presentar\u00e1 su testimonio de vida por medio de la pl\u00e1tica \u201cC\u00f3mo vivir con una discapacidad\u201d.<\/p>\n<p class=\"x_gmail-MsoHeader\">\n<p class=\"x_gmail-MsoHeader\">Ha ejercido la escritura desde temprana edad durante m\u00e1s de dos d\u00e9cadas de trabajo, y ha realizado publicaciones de diversa \u00edndole, entre las que destacan sus testimonios y textos en apoyo a las personas con discapacidad.<\/p>\n<p class=\"x_gmail-MsoHeader\">\n<p class=\"x_gmail-MsoHeader\">La conferencia se llevar\u00e1 a cabo el jueves 21 de noviembre en punto de las 17:00 horas, en la Cineteca de la Plaza Cultural Los Laureles, en el marco del II Foro de Inclusi\u00f3n a trav\u00e9s de los Lenguajes Art\u00edsticos.<\/p>\n<p class=\"x_gmail-MsoHeader\">\n<p class=\"x_gmail-MsoHeader\">Autora de numerosas publicaciones, Mar\u00eda del Carmen Herfter Rivera ha destacado en su actividad a favor de la inclusi\u00f3n de personas con discapacidad, y ha sido invitada a presentar sus obras a lugares como el Instituto Belisario Dom\u00ednguez, del Senado de la Rep\u00fablica.<\/p>\n<p class=\"x_gmail-MsoHeader\">\n<p class=\"x_gmail-MsoHeader\">Naci\u00f3 con par\u00e1lisis cerebral, sin embargo esta condici\u00f3n nunca ha sido impedimento para su desarrollo profesional, por el contrario, ha impulsado su trabajo a favor del entendimiento y la inclusi\u00f3n a trav\u00e9s de sus escritos y de su labor, para visibilizar y lograr la apertura de mayores espacios de inclusi\u00f3n en los diferentes \u00e1mbitos de la sociedad civil.<\/p>\n<p class=\"x_gmail-MsoHeader\">\n<p class=\"x_gmail-MsoHeader\">En su charla, abordar\u00e1 los retos y oportunidades que plantea el nacer con una discapacidad y vivir \u201cen un mundo en donde todav\u00eda falta mucho por hacer para incorporar a estas personas a la sociedad, y sobre todo al \u00e1rea laboral.\u201d<\/p>\n<p class=\"x_gmail-MsoHeader\">\n<p class=\"x_gmail-MsoHeader\">Dirigida a todo p\u00fablico, busca crear una conciencia de respeto e inclusi\u00f3n en todas las etapas de la vida, y especialmente sensibilizar a las y los chihuahuenses en el \u00e1mbito laboral, para crear conciencia y aceptaci\u00f3n.<\/p>\n<p class=\"x_gmail-MsoHeader\">\n<p class=\"x_gmail-MsoHeader\">\u201cQue las personas se sientan aceptadas y parte del grupo, para que puedan desarrollar su potencial al m\u00e1ximo. Abrir espacios laborales a personas discapacitadas, pero preparadas para realizar el trabajo para el que fueron contratadas\u201d, se\u00f1al\u00f3 la autora.<\/p>\n<p class=\"x_gmail-MsoHeader\">\n<p class=\"x_gmail-MsoHeader\">La Plaza Cultural Los Laureles (antes Cidech), se encuentra ubicada en Avenida Universidad, esquina con Avenida Divisi\u00f3n del Norte s\/n, en la colonia Altavista de la ciudad de Chihuahua.<\/p>\n<p class=\"x_gmail-MsoHeader\">\n<p class=\"x_gmail-MsoHeader\">Para mayores informes sobre el II Foro de Inclusi\u00f3n a trav\u00e9s de Lenguajes Art\u00edsticos, as\u00ed como para consultar el programa completo de actividades, las y los interesados pueden consultar la p\u00e1gina de la Secretar\u00eda de Cultura de Chihuahua en Facebook:\u00a0<a href=\"https:\/\/www.facebook.com\/CulturaChih\/\" target=\"_blank\" rel=\"noopener noreferrer\" data-auth=\"NotApplicable\">https:\/\/www.facebook.com\/CulturaChih\/<\/a><\/p>\n<p class=\"x_gmail-MsoHeader\">\n","protected":false},"excerpt":{"rendered":"<p>En el marco del II Foro de Inclusi\u00f3n a trav\u00e9s de los Lenguajes Art\u00edsticos, este jueves 21 de noviembre a las 17:00 horas en Plaza Cultural Los Laureles; evento gratuito La escritora chihuahuense Carmen Herfter presentar\u00e1 su testimonio de vida por medio de la pl\u00e1tica \u201cC\u00f3mo vivir con una discapacidad\u201d. Ha ejercido la escritura desde [&hellip;]<\/p>\n","protected":false},"author":5,"featured_media":68296,"comment_status":"open","ping_status":"open","sticky":false,"template":"","format":"standard","meta":{"footnotes":""},"categories":[7],"tags":[],"class_list":["post-68294","post","type-post","status-publish","format-standard","has-post-thumbnail","hentry","category-estatales"],"views":76,"_links":{"self":[{"href":"https:\/\/notitodo.com.mx\/wp\/wp-json\/wp\/v2\/posts\/68294","targetHints":{"allow":["GET"]}}],"collection":[{"href":"https:\/\/notitodo.com.mx\/wp\/wp-json\/wp\/v2\/posts"}],"about":[{"href":"https:\/\/notitodo.com.mx\/wp\/wp-json\/wp\/v2\/types\/post"}],"author":[{"embeddable":true,"href":"https:\/\/notitodo.com.mx\/wp\/wp-json\/wp\/v2\/users\/5"}],"replies":[{"embeddable":true,"href":"https:\/\/notitodo.com.mx\/wp\/wp-json\/wp\/v2\/comments?post=68294"}],"version-history":[{"count":1,"href":"https:\/\/notitodo.com.mx\/wp\/wp-json\/wp\/v2\/posts\/68294\/revisions"}],"predecessor-version":[{"id":68297,"href":"https:\/\/notitodo.com.mx\/wp\/wp-json\/wp\/v2\/posts\/68294\/revisions\/68297"}],"wp:featuredmedia":[{"embeddable":true,"href":"https:\/\/notitodo.com.mx\/wp\/wp-json\/wp\/v2\/media\/68296"}],"wp:attachment":[{"href":"https:\/\/notitodo.com.mx\/wp\/wp-json\/wp\/v2\/media?parent=68294"}],"wp:term":[{"taxonomy":"category","embeddable":true,"href":"https:\/\/notitodo.com.mx\/wp\/wp-json\/wp\/v2\/categories?post=68294"},{"taxonomy":"post_tag","embeddable":true,"href":"https:\/\/notitodo.com.mx\/wp\/wp-json\/wp\/v2\/tags?post=68294"}],"curies":[{"name":"wp","href":"https:\/\/api.w.org\/{rel}","templated":true}]}}