{"id":67684,"date":"2019-11-14T03:36:03","date_gmt":"2019-11-14T03:36:03","guid":{"rendered":"https:\/\/notitodo.com.mx\/wp\/?p=67684"},"modified":"2019-11-14T03:36:03","modified_gmt":"2019-11-14T03:36:03","slug":"encabezara-dif-estatal-evaluacion-y-acompanamiento-para-certificacion-de-albergues","status":"publish","type":"post","link":"https:\/\/notitodo.com.mx\/wp\/encabezara-dif-estatal-evaluacion-y-acompanamiento-para-certificacion-de-albergues\/","title":{"rendered":"Encabezar\u00e1 DIF Estatal evaluaci\u00f3n y  acompa\u00f1amiento para certificaci\u00f3n de albergues"},"content":{"rendered":"<p>A trav\u00e9s de mecanismos de gesti\u00f3n y evaluaci\u00f3n interinstitucionales se pretende mejorar la calidad de los Centros de Asistencia Social p\u00fablicos y privados para que sean avalados por el SNDIF<\/p>\n<p>El Sistema Estatal para el Desarrollo Integral de la Familia (DIF) coadyuvar\u00e1 con los Centros de Asistencia Social (CAS) para que cumplan con los requisitos establecidos por el Sistema Nacional DIF (SNDIF), para la certificaci\u00f3n en materia de calidad, que se llevar\u00e1 a cabo en el 2020.<\/p>\n<p>Lo anterior a trav\u00e9s del Comit\u00e9 Interinstitucional en materia de Albergues y Establecimientos que<\/p>\n<p><!--more--><\/p>\n<p>prestan Servicios de Asistencia Social por lo que realiza una reuni\u00f3n mensual con representantes de la Procuradur\u00eda de Protecci\u00f3n de Ni\u00f1as, Ni\u00f1os y Adolescentes.<\/p>\n<p>Adem\u00e1s, de la Comisi\u00f3n Estatal para la Protecci\u00f3n de Riesgos Sanitarios (Coespris), la Coordinaci\u00f3n Estatal de Protecci\u00f3n Civil (CEPC) y de la Junta de Asistencia Social Privada del Estado.<\/p>\n<p>El objetivo de estas asambleas, es implementar mecanismos de gesti\u00f3n y evaluaci\u00f3n interinstitucional, enfocados en incrementar la calidad que ofrecen los CAS o albergues p\u00fablicos y privados existentes en el estado, explic\u00f3 la directora general del DIF Estatal, Mar\u00eda Isabel Barraza Pak.<\/p>\n<p>Por su parte, Jos\u00e9 Casta\u00f1eda P\u00e9rez, titular dela Procuradur\u00eda de Protecci\u00f3n de Ni\u00f1as, Ni\u00f1os y Adolescentes, detall\u00f3 que las acciones emprendidas buscan adem\u00e1s contribuir a la restituci\u00f3n de los derechos humanos de las y los menores de edad.<\/p>\n<p>Agreg\u00f3 que en el caso de los CAS o albergues que no cumplan con los requisitos establecidos, se proceder\u00e1 a la aplicaci\u00f3n de las medidas de seguridad y sanciones correspondientes, que consisten en: amonestaci\u00f3n por escrito, suspensi\u00f3n temporal y la reubicaci\u00f3n de menores a su cargo.<\/p>\n<p>&#8212;<\/p>\n","protected":false},"excerpt":{"rendered":"<p>A trav\u00e9s de mecanismos de gesti\u00f3n y evaluaci\u00f3n interinstitucionales se pretende mejorar la calidad de los Centros de Asistencia Social p\u00fablicos y privados para que sean avalados por el SNDIF El Sistema Estatal para el Desarrollo Integral de la Familia (DIF) coadyuvar\u00e1 con los Centros de Asistencia Social (CAS) para que cumplan con los requisitos [&hellip;]<\/p>\n","protected":false},"author":12,"featured_media":67686,"comment_status":"open","ping_status":"open","sticky":false,"template":"","format":"standard","meta":{"footnotes":""},"categories":[7],"tags":[],"class_list":["post-67684","post","type-post","status-publish","format-standard","has-post-thumbnail","hentry","category-estatales"],"views":35,"_links":{"self":[{"href":"https:\/\/notitodo.com.mx\/wp\/wp-json\/wp\/v2\/posts\/67684","targetHints":{"allow":["GET"]}}],"collection":[{"href":"https:\/\/notitodo.com.mx\/wp\/wp-json\/wp\/v2\/posts"}],"about":[{"href":"https:\/\/notitodo.com.mx\/wp\/wp-json\/wp\/v2\/types\/post"}],"author":[{"embeddable":true,"href":"https:\/\/notitodo.com.mx\/wp\/wp-json\/wp\/v2\/users\/12"}],"replies":[{"embeddable":true,"href":"https:\/\/notitodo.com.mx\/wp\/wp-json\/wp\/v2\/comments?post=67684"}],"version-history":[{"count":1,"href":"https:\/\/notitodo.com.mx\/wp\/wp-json\/wp\/v2\/posts\/67684\/revisions"}],"predecessor-version":[{"id":67687,"href":"https:\/\/notitodo.com.mx\/wp\/wp-json\/wp\/v2\/posts\/67684\/revisions\/67687"}],"wp:featuredmedia":[{"embeddable":true,"href":"https:\/\/notitodo.com.mx\/wp\/wp-json\/wp\/v2\/media\/67686"}],"wp:attachment":[{"href":"https:\/\/notitodo.com.mx\/wp\/wp-json\/wp\/v2\/media?parent=67684"}],"wp:term":[{"taxonomy":"category","embeddable":true,"href":"https:\/\/notitodo.com.mx\/wp\/wp-json\/wp\/v2\/categories?post=67684"},{"taxonomy":"post_tag","embeddable":true,"href":"https:\/\/notitodo.com.mx\/wp\/wp-json\/wp\/v2\/tags?post=67684"}],"curies":[{"name":"wp","href":"https:\/\/api.w.org\/{rel}","templated":true}]}}