{"id":67664,"date":"2019-11-14T03:24:18","date_gmt":"2019-11-14T03:24:18","guid":{"rendered":"https:\/\/notitodo.com.mx\/wp\/?p=67664"},"modified":"2019-11-14T03:24:18","modified_gmt":"2019-11-14T03:24:18","slug":"invitan-a-foro-sembrando-dignidad-en-el-campo","status":"publish","type":"post","link":"https:\/\/notitodo.com.mx\/wp\/invitan-a-foro-sembrando-dignidad-en-el-campo\/","title":{"rendered":"Invitan a foro \u201cSembrando dignidad en el campo\u201d"},"content":{"rendered":"<p>Con el objetivo de sensibilizar a la sociedad, as\u00ed como a las y los actores involucrados en la producci\u00f3n agr\u00edcola sobre la problem\u00e1tica de derechos humanos y laborales de las personas jornaleras migrantes, el Gobierno del Estado realizar\u00e1 en Chihuahua el foro \u201cSembrando dignidad en el campo\u201d.<\/p>\n<p>El evento, coordinado por el Programa de Atenci\u00f3n a Personas Jornaleras Agr\u00edcolas Migrantes (ProJAM) a trav\u00e9s de<\/p>\n<p><!--more--><\/p>\n<p>la Secretar\u00eda del Trabajo y Previsi\u00f3n Social (STPS), se celebrar\u00e1 el pr\u00f3ximo 22 de noviembre a las 8:00 horas en las instalaciones del Museo Casa Chihuahua Centro de Patrimonio Cultural.<\/p>\n<p>En rueda de prensa, la titular de la STPS, Ana Luisa Herrera Laso; el presidente del Consejo Estatal Agropecuario de Chihuahua (CEACH), Alfonso Lechuga de la Pe\u00f1a, y el presidente de la Comisi\u00f3n Estatal de Derechos Humanos (CEDH), N\u00e9stor Armend\u00e1riz Loya, realizaron la presentaci\u00f3n conjunta del foro a realizarse.<\/p>\n<p>Herrera Laso detall\u00f3 que el evento contar\u00e1 con diversos ponentes expertos en la problem\u00e1tica como Margarita Nemecio Nemesio, coordinadora general de la Red Nacional de Jornaleros y Jornaleras Agr\u00edcolas; Mariana Ruenes de la Fuente, presidenta de Sin Trata, A.C.; Luz Mar\u00eda Chombo Tovar, gerente de certificaci\u00f3n de la Alizanza Hortofrut\u00edcola Internacional para el Fomento de la Responsabilidad Social; as\u00ed como el testimonio de Hermilo Cruz Bustillos, jornalero ral\u00e1muli de Saucillo.<\/p>\n<p>De la misma manera, dio inicio al arranque de la campa\u00f1a de difusi\u00f3n \u201cSembrando dignidad en el campo\u201d, cuyo fin es promover el cumplimiento de la ley laboral en el campo; no con un enfoque antag\u00f3nico y de sanciones, sino de uni\u00f3n, incentivando al cumplimiento con enfoque de crecimiento del sector y de responsabilidad social empresarial.<\/p>\n<p>Lechuga de la Pe\u00f1a indic\u00f3 que, a trav\u00e9s de estas acciones coordinadas, el CEACH continua trabajando con el Gobierno del Estado para lograr una mayor concientizaci\u00f3n entre las y los productores para la contrataci\u00f3n digna de las personas jornaleras agr\u00edcolas migrantes.<\/p>\n<p>A\u00f1adi\u00f3 que las y los jornaleros contribuyen ampliamente al desarrollo econ\u00f3mico del Estado, y puntualiz\u00f3 que Chihuahua es uno de los principales receptores de trabajadores del campo, recibiendo alrededor de 90 mil personas cada a\u00f1o, quienes trabajan de abril a noviembre principalmente en Cuauht\u00e9moc, Delicias y Nuevo Casas Grandes.<\/p>\n<p>Por \u00faltimo, Armend\u00e1riz Loya exhort\u00f3 a la ciudadan\u00eda a acudir al foro \u201cSembrando dignidad en el campo\u201d y destac\u00f3 la actuaci\u00f3n proactiva del Gobierno del Estado, a trav\u00e9s del ProJAM, que por su car\u00e1cter interdisciplinario e interinstitucional abarca de manera espec\u00edfica diversos aspectos a los que se exponen las personas jornaleras migrantes.<\/p>\n<p>Aquellos interesados en asistir al evento , pueden registrarse en el enlace https:\/\/sembrandodignidad.eventbrite.es. Para mayores informes comunicarse al tel\u00e9fono (614) 429-3300 Ext. 12131 y 12153.<\/p>\n","protected":false},"excerpt":{"rendered":"<p>Con el objetivo de sensibilizar a la sociedad, as\u00ed como a las y los actores involucrados en la producci\u00f3n agr\u00edcola sobre la problem\u00e1tica de derechos humanos y laborales de las personas jornaleras migrantes, el Gobierno del Estado realizar\u00e1 en Chihuahua el foro \u201cSembrando dignidad en el campo\u201d. El evento, coordinado por el Programa de Atenci\u00f3n [&hellip;]<\/p>\n","protected":false},"author":12,"featured_media":67666,"comment_status":"open","ping_status":"open","sticky":false,"template":"","format":"standard","meta":{"footnotes":""},"categories":[7],"tags":[],"class_list":["post-67664","post","type-post","status-publish","format-standard","has-post-thumbnail","hentry","category-estatales"],"views":6,"_links":{"self":[{"href":"https:\/\/notitodo.com.mx\/wp\/wp-json\/wp\/v2\/posts\/67664","targetHints":{"allow":["GET"]}}],"collection":[{"href":"https:\/\/notitodo.com.mx\/wp\/wp-json\/wp\/v2\/posts"}],"about":[{"href":"https:\/\/notitodo.com.mx\/wp\/wp-json\/wp\/v2\/types\/post"}],"author":[{"embeddable":true,"href":"https:\/\/notitodo.com.mx\/wp\/wp-json\/wp\/v2\/users\/12"}],"replies":[{"embeddable":true,"href":"https:\/\/notitodo.com.mx\/wp\/wp-json\/wp\/v2\/comments?post=67664"}],"version-history":[{"count":1,"href":"https:\/\/notitodo.com.mx\/wp\/wp-json\/wp\/v2\/posts\/67664\/revisions"}],"predecessor-version":[{"id":67667,"href":"https:\/\/notitodo.com.mx\/wp\/wp-json\/wp\/v2\/posts\/67664\/revisions\/67667"}],"wp:featuredmedia":[{"embeddable":true,"href":"https:\/\/notitodo.com.mx\/wp\/wp-json\/wp\/v2\/media\/67666"}],"wp:attachment":[{"href":"https:\/\/notitodo.com.mx\/wp\/wp-json\/wp\/v2\/media?parent=67664"}],"wp:term":[{"taxonomy":"category","embeddable":true,"href":"https:\/\/notitodo.com.mx\/wp\/wp-json\/wp\/v2\/categories?post=67664"},{"taxonomy":"post_tag","embeddable":true,"href":"https:\/\/notitodo.com.mx\/wp\/wp-json\/wp\/v2\/tags?post=67664"}],"curies":[{"name":"wp","href":"https:\/\/api.w.org\/{rel}","templated":true}]}}