{"id":67605,"date":"2019-11-13T02:25:20","date_gmt":"2019-11-13T02:25:20","guid":{"rendered":"https:\/\/notitodo.com.mx\/wp\/?p=67605"},"modified":"2019-11-13T02:25:20","modified_gmt":"2019-11-13T02:25:20","slug":"convocan-a-participar-en-el-foro-estatal-de-consulta-del-anteproyecto-de-ley-general-de-educacion-superior","status":"publish","type":"post","link":"https:\/\/notitodo.com.mx\/wp\/convocan-a-participar-en-el-foro-estatal-de-consulta-del-anteproyecto-de-ley-general-de-educacion-superior\/","title":{"rendered":"Convocan a participar en el Foro Estatal de Consulta del anteproyecto de Ley General de Educaci\u00f3n Superior"},"content":{"rendered":"<div dir=\"ltr\">\n<p class=\"x_MsoNormal\">Podr\u00e1n enviar propuestas comentarios y an\u00e1lisis antes del 20 de noviembre: titulares de todas las instituciones p\u00fablicas y particulares de educaci\u00f3n superior de la entidad, as\u00ed como acad\u00e9micos, especialistas, personal y estudiantes<\/p>\n<p class=\"x_MsoNormal\">\n<p class=\"x_MsoNormal\">La Secretar\u00eda de Educaci\u00f3n P\u00fablica (SEP) y la Secretar\u00eda de Educaci\u00f3n y Deporte del Estado de Chihuahua (SEyD) convocan a titulares de todas las instituciones p\u00fablicas y particulares, acad\u00e9micos, especialistas, personal y estudiantes, a participar en el Foro Estatal de Consulta del anteproyecto de Ley General de Educaci\u00f3n Superior.<\/p>\n<p class=\"x_MsoNormal\">\n<p class=\"x_MsoNormal\">Esta consulta inici\u00f3 con una serie de encuentros en el pa\u00eds convocados por la SEP, para asegurar que el proyecto que ser\u00e1 sometido a consideraci\u00f3n del Congreso de la Uni\u00f3n a principios de 2020, integre todas las aspiraciones, necesidades, y de manera particular, las sugerencias de las personas directamente involucradas en la impartici\u00f3n de este nivel de ense\u00f1anza.<\/p>\n<p class=\"x_MsoNormal\">\n<p class=\"x_MsoNormal\">En lo que respecta a Chihuahua, el Foro tendr\u00e1 sede en la capital del estado, el lunes 25 de noviembre a partir de las 10:00 horas en el Auditorio M.I. Fernando Aguilera Baca de la Facultad de Ingenier\u00eda de la Universidad Aut\u00f3noma de Chihuahua Campus II.<\/p>\n<p class=\"x_MsoNormal\">\n<p class=\"x_MsoNormal\">Durante su desarrollo se revisar\u00e1 y analizar\u00e1 lo concerniente al anteproyecto de la Ley General de Educaci\u00f3n Superior, e incluso se propondr\u00e1n modificaciones y adiciones.<\/p>\n<p class=\"x_MsoNormal\">\n<p class=\"x_MsoNormal\">El documento est\u00e1 disponible para todas las personas interesadas en conocerlo, en la p\u00e1gina del Consejo Estatal para la Planeaci\u00f3n de la Educaci\u00f3n Superior, que es\u00a0<a href=\"http:\/\/educacion.chihuahua.gob.mx\/coepes\/\" target=\"_blank\" rel=\"noopener noreferrer\" data-auth=\"NotApplicable\">http:\/\/educacion.chihuahua.gob.mx\/coepes\/<\/a>.<\/p>\n<p class=\"x_MsoNormal\">\n<p class=\"x_MsoNormal\">El registro de participantes para el Foro Estatal de Consulta debe hacerse antes del 20 de noviembre, en la direcci\u00f3n\u00a0<a href=\"https:\/\/forms.gle\/64BQCo3h5ftoNCgN9\" target=\"_blank\" rel=\"noopener noreferrer\" data-auth=\"NotApplicable\">https:\/\/forms.gle\/64BQCo3h5ftoNCgN9<\/a>, con un formato que anexa espacios para comentarios, an\u00e1lisis y propuestas de modificaci\u00f3n y\/o adici\u00f3n.<\/p>\n<p class=\"x_MsoNormal\">\n<p class=\"x_MsoNormal\">Con base en los documentos recibidos, la SEyD organizar\u00e1 las participaciones en la reuni\u00f3n, por lo que el viernes 22 de noviembre a trav\u00e9s del correo electr\u00f3nico registrado, se dar\u00e1 a conocer el formato y la duraci\u00f3n de cada una, y las y los autores tienen que asistir de manera presencial.<\/p>\n<p class=\"x_MsoNormal\">\n<p class=\"x_MsoNormal\">Para mayor informaci\u00f3n las y los interesados pueden comunicarse al tel\u00e9fono (614) 429-33-00, extensiones 21006 y 21007.<\/p>\n<\/div>\n<p><!--more--><\/p>\n<p>&#8212;<\/p>\n","protected":false},"excerpt":{"rendered":"<p>Podr\u00e1n enviar propuestas comentarios y an\u00e1lisis antes del 20 de noviembre: titulares de todas las instituciones p\u00fablicas y particulares de educaci\u00f3n superior de la entidad, as\u00ed como acad\u00e9micos, especialistas, personal y estudiantes La Secretar\u00eda de Educaci\u00f3n P\u00fablica (SEP) y la Secretar\u00eda de Educaci\u00f3n y Deporte del Estado de Chihuahua (SEyD) convocan a titulares de todas [&hellip;]<\/p>\n","protected":false},"author":5,"featured_media":67607,"comment_status":"open","ping_status":"open","sticky":false,"template":"","format":"standard","meta":{"footnotes":""},"categories":[7],"tags":[],"class_list":["post-67605","post","type-post","status-publish","format-standard","has-post-thumbnail","hentry","category-estatales"],"views":20,"_links":{"self":[{"href":"https:\/\/notitodo.com.mx\/wp\/wp-json\/wp\/v2\/posts\/67605","targetHints":{"allow":["GET"]}}],"collection":[{"href":"https:\/\/notitodo.com.mx\/wp\/wp-json\/wp\/v2\/posts"}],"about":[{"href":"https:\/\/notitodo.com.mx\/wp\/wp-json\/wp\/v2\/types\/post"}],"author":[{"embeddable":true,"href":"https:\/\/notitodo.com.mx\/wp\/wp-json\/wp\/v2\/users\/5"}],"replies":[{"embeddable":true,"href":"https:\/\/notitodo.com.mx\/wp\/wp-json\/wp\/v2\/comments?post=67605"}],"version-history":[{"count":1,"href":"https:\/\/notitodo.com.mx\/wp\/wp-json\/wp\/v2\/posts\/67605\/revisions"}],"predecessor-version":[{"id":67608,"href":"https:\/\/notitodo.com.mx\/wp\/wp-json\/wp\/v2\/posts\/67605\/revisions\/67608"}],"wp:featuredmedia":[{"embeddable":true,"href":"https:\/\/notitodo.com.mx\/wp\/wp-json\/wp\/v2\/media\/67607"}],"wp:attachment":[{"href":"https:\/\/notitodo.com.mx\/wp\/wp-json\/wp\/v2\/media?parent=67605"}],"wp:term":[{"taxonomy":"category","embeddable":true,"href":"https:\/\/notitodo.com.mx\/wp\/wp-json\/wp\/v2\/categories?post=67605"},{"taxonomy":"post_tag","embeddable":true,"href":"https:\/\/notitodo.com.mx\/wp\/wp-json\/wp\/v2\/tags?post=67605"}],"curies":[{"name":"wp","href":"https:\/\/api.w.org\/{rel}","templated":true}]}}