{"id":66175,"date":"2019-08-22T06:17:01","date_gmt":"2019-08-22T06:17:01","guid":{"rendered":"https:\/\/notitodo.com.mx\/wp\/?p=66175"},"modified":"2019-08-22T06:17:01","modified_gmt":"2019-08-22T06:17:01","slug":"celso-pina-lleva-su-cumbia-al-cielo","status":"publish","type":"post","link":"https:\/\/notitodo.com.mx\/wp\/celso-pina-lleva-su-cumbia-al-cielo\/","title":{"rendered":"Celso Pi\u00f1a lleva su cumbia al cielo"},"content":{"rendered":"<p>El Rebelde del Acorde\u00f3n ya lleg\u00f3 con su cumbia hasta el cielo. Falleci\u00f3 ayer en su natal Monterrey a los 66 a\u00f1os v\u00edctima de un infarto, seg\u00fan se inform\u00f3 en un comunicado emitido en conjunto por la familia y La Tuna Group, su compa\u00f1\u00eda disquera.<\/p>\n<p>Su hija Cecilia Pi\u00f1a Ortiz lament\u00f3 el deceso desde su cuenta de Facebook. \u201cPap\u00e1, te amo con todo mi coraz\u00f3n. Fuiste y ser\u00e1s siempre el mejor del mundo. No tengo palabras para expresar&#8230; no sabes cu\u00e1nta falta me vas a hacer, pero al fin estar\u00e9 muy agradecida y bendecida por Dios por haberme dado la dicha de estar contigo hasta el \u00faltimo momento. Ahora vas a estar llevando tu m\u00fasica hasta el cielo, donde te faltaba llegar. El cielo est\u00e1 de fiesta\u201d, escribi\u00f3 junto a dos fotograf\u00edas.<\/p>\n<p>Juanita Ortiz, su esposa, y su hija comentaron en el Hospital San Vicente que el m\u00fasico ingres\u00f3 para una revisi\u00f3n y le sobrevino una arritmia con un<\/p>\n<p><!--more--><\/p>\n<p>posterior infarto. Antes de intervenirlo de emergencia, el personal del nosocomio grab\u00f3 un video que circula por redes sociales. \u201cHubo un video que no est\u00e1 en nuestras manos. Lo iban a intervenir para la operaci\u00f3n. No sabemos todav\u00eda (quien lo grab\u00f3)\u201d, indic\u00f3 su hija Cecilia.<\/p>\n<p>La esposa del cantante adelant\u00f3 que su cuerpo ser\u00eda incinerado y sus cenizas esparcidas en el rancho Macondo, que era de su propiedad y se ubica en el ayuntamiento de Allende.<\/p>\n<p>Su cuerpo ser\u00eda velado ayer, a partir de las 19:00 horas en las funerarias Gayosso.<\/p>\n<p>Cecilia manifest\u00f3 que su padre puso en alto el nombre de Monterrey, y su familia est\u00e1 abierta a la posibilidad de un homenaje. \u201cHonor a quien honor merece\u201d, dijo.<\/p>\n<p>Su muerte tom\u00f3 por sorpresa a la comunidad musical que comparti\u00f3 escenario y grabaciones con el m\u00fasico, pues reci\u00e9n hab\u00eda llegado de una gira que lo llev\u00f3 a EU y en la que lo acompa\u00f1\u00f3 su banda, la Ronda Bogot\u00e1, y el rapero Pato Machete, por ciudades como Denver, Chicago y Nueva York.<\/p>\n<p>Antes de su deceso, Celso hab\u00eda compartido en sus redes un video de Cumbia sobre el r\u00edo desde el Auditorio Nacional, junto al exControl Machete, y un anuncio de su presentaci\u00f3n en Cadereyta, Quer\u00e9taro, el 5 de septiembre.<\/p>\n<p>Celso fue un hombre siempre fiel al barrio donde vivi\u00f3 y creci\u00f3, el cerro de La Campana, una zona brava en la sultana del norte donde van y vienen historias de lo peligroso que es adentrarte sin ning\u00fan conocido, donde se mueve mucha maldad y existe lealtad entre los habitantes. Big Javy, vocalista de Inspector y amigo del m\u00fasico, lo confirm\u00f3.<\/p>\n<p>Conozco raza de ah\u00ed pero no me he atrevido a subir solo. Una vez me dijo que fuera porque toda la raza lo conoce, pero si voy solo me ponen una tunda\u201d, detall\u00f3 en entrevista telef\u00f3nica con Exc\u00e9lsior.<\/p>\n<p>Celso Pi\u00f1a naci\u00f3 el 6 de abril de 1953. Se forj\u00f3 en la colonia Independencia, donde \u00e9l y sus hermanos se enamoraron de la onda creciente de la cumbia colombiana, formando un conjunto para ofrecer serenatas. Fue su padre quien le obsequi\u00f3 su primer acorde\u00f3n, que aprendi\u00f3 a tocar \u00e9l s\u00f3lo en los 80.<\/p>\n<p>Desarroll\u00f3 su amor por el acorde\u00f3n en el tiempo perfecto, en el que Monterrey no s\u00f3lo adapt\u00f3 el vallenato, sino que una generaci\u00f3n de vatos con ganas de tocar rock, punk, rap y ska por pura diversi\u00f3n e identidad \u2014ya que la escena estaba centralizada en la ahora CDMX\u2014 comenzaron lo que se llam\u00f3 Avanzada Regia, y los chavos la amaban. Eran Control Machete, Kinky, Jumbo, Zurdok, Plastilina Mosh, El Gran Silencio, entre otros que le viraron el rumbo al Rebelde del acorde\u00f3n.fuente: excelsior<\/p>\n","protected":false},"excerpt":{"rendered":"<p>El Rebelde del Acorde\u00f3n ya lleg\u00f3 con su cumbia hasta el cielo. Falleci\u00f3 ayer en su natal Monterrey a los 66 a\u00f1os v\u00edctima de un infarto, seg\u00fan se inform\u00f3 en un comunicado emitido en conjunto por la familia y La Tuna Group, su compa\u00f1\u00eda disquera. Su hija Cecilia Pi\u00f1a Ortiz lament\u00f3 el deceso desde su [&hellip;]<\/p>\n","protected":false},"author":5,"featured_media":66177,"comment_status":"open","ping_status":"open","sticky":false,"template":"","format":"standard","meta":{"footnotes":""},"categories":[2],"tags":[],"class_list":["post-66175","post","type-post","status-publish","format-standard","has-post-thumbnail","hentry","category-espectaculos"],"views":12,"_links":{"self":[{"href":"https:\/\/notitodo.com.mx\/wp\/wp-json\/wp\/v2\/posts\/66175","targetHints":{"allow":["GET"]}}],"collection":[{"href":"https:\/\/notitodo.com.mx\/wp\/wp-json\/wp\/v2\/posts"}],"about":[{"href":"https:\/\/notitodo.com.mx\/wp\/wp-json\/wp\/v2\/types\/post"}],"author":[{"embeddable":true,"href":"https:\/\/notitodo.com.mx\/wp\/wp-json\/wp\/v2\/users\/5"}],"replies":[{"embeddable":true,"href":"https:\/\/notitodo.com.mx\/wp\/wp-json\/wp\/v2\/comments?post=66175"}],"version-history":[{"count":1,"href":"https:\/\/notitodo.com.mx\/wp\/wp-json\/wp\/v2\/posts\/66175\/revisions"}],"predecessor-version":[{"id":66178,"href":"https:\/\/notitodo.com.mx\/wp\/wp-json\/wp\/v2\/posts\/66175\/revisions\/66178"}],"wp:featuredmedia":[{"embeddable":true,"href":"https:\/\/notitodo.com.mx\/wp\/wp-json\/wp\/v2\/media\/66177"}],"wp:attachment":[{"href":"https:\/\/notitodo.com.mx\/wp\/wp-json\/wp\/v2\/media?parent=66175"}],"wp:term":[{"taxonomy":"category","embeddable":true,"href":"https:\/\/notitodo.com.mx\/wp\/wp-json\/wp\/v2\/categories?post=66175"},{"taxonomy":"post_tag","embeddable":true,"href":"https:\/\/notitodo.com.mx\/wp\/wp-json\/wp\/v2\/tags?post=66175"}],"curies":[{"name":"wp","href":"https:\/\/api.w.org\/{rel}","templated":true}]}}