{"id":65677,"date":"2019-08-10T12:47:42","date_gmt":"2019-08-10T12:47:42","guid":{"rendered":"https:\/\/notitodo.com.mx\/wp\/?p=65677"},"modified":"2019-08-10T12:47:42","modified_gmt":"2019-08-10T12:47:42","slug":"realizan-la-xxv-reunion-mexico-americana-de-profesionales-forestales","status":"publish","type":"post","link":"https:\/\/notitodo.com.mx\/wp\/realizan-la-xxv-reunion-mexico-americana-de-profesionales-forestales\/","title":{"rendered":"Realizan la XXV Reuni\u00f3n M\u00e9xico &#8211; Americana de profesionales forestales"},"content":{"rendered":"<p class=\"x_gmail-MsoNoSpacing\">El Gobierno del Estado de Chihuahua, a trav\u00e9s de la Direcci\u00f3n Forestal de la Secretar\u00eda de Desarrollo Rural, junto con la Asociaci\u00f3n Mexicana de Profesionales Forestales A.C. Secci\u00f3n Chihuahua, llevaron a cabo la \u201cXXV Reuni\u00f3n M\u00e9xico &#8211; Americana de profesionales forestales\u201d.<\/p>\n<p class=\"x_gmail-MsoNoSpacing\">\n<p class=\"x_gmail-MsoNoSpacing\">Durante el encuentro, llevado a cabo en el Hotel Sicomoro, se sostuvo un intercambio informativo entre forestales estadounidenses y chihuahuenses, sobre<\/p>\n<p><!--more--><\/p>\n<p class=\"x_gmail-MsoNoSpacing\">\u00a0distintos temas de inter\u00e9s para este gremio de ambas naciones.<\/p>\n<p class=\"x_gmail-MsoNoSpacing\">\n<p class=\"x_gmail-MsoNoSpacing\">Ren\u00e9 Almeida Grajeda, secretario de Desarrollo Rural, acompa\u00f1ado por colaboradores y colaboradoras que integran la Direcci\u00f3n Forestal, a nombre de Javier Corral Jurado, Gobernador del Estado, inaugur\u00f3 el encuentro y dio la bienvenida a las y los integrantes de asociaciones forestales estadounidenses, quienes conforman una comisi\u00f3n del Suroeste del pa\u00eds vecino, y les expuso la importancia de una pol\u00edtica forestal que beneficie a las \u00e1reas de bosque que comparten ambas naciones.<\/p>\n<p class=\"x_gmail-MsoNoSpacing\">\n<p class=\"x_gmail-MsoNoSpacing\">\u201cA nombre de nuestro gobernador, quiero darle la m\u00e1s cordial de las bienvenidas a todas y todos nuestros amigos forestales de los Estados Unidos, as\u00ed como a Dave Borland, presidente del servicio forestal Secci\u00f3n Sur de los Estados Unidos, por cuyo conducto les saludamos a ustedes, donde en Chihuahua no s\u00f3lo encontrar\u00e1n esta experiencia t\u00e9cnica de intercambio de opiniones y conceptos en materia forestal, sino tambi\u00e9n ofrecerles la oportunidad de disfrutar lo que nuestro estado tiene para inter\u00e9s del turismo internacional\u201d, expres\u00f3 Almeida Grajeda.<\/p>\n<p class=\"x_gmail-MsoNoSpacing\">\n<p class=\"x_MsoNormal\">Este intercambio de experiencias forestales cuenta con una gran y amplia trayectoria, dando inicio hace 51 a\u00f1os, en 1968, entre la Asociaci\u00f3n Mexicana de Profesionales Forestales, A.C. Secci\u00f3n Chihuahua y\u00a0 el Servicio Forestal de los Estados de Arizona y Nuevo M\u00e9xico, mismas que se realizan una vez en M\u00e9xico y la siguiente en Estados Unidos.<\/p>\n<p class=\"x_MsoNormal\">\n<p class=\"x_MsoNormal\">Durante el evento se realizaron presentaciones por parte de ambas comisiones en las cuales se mostr\u00f3 la problem\u00e1tica que se est\u00e1 presentando en los bosques de ambos pa\u00edses, siendo coincidentes en los temas de incendios forestales, la producci\u00f3n forestal, la industrializaci\u00f3n y la restauraci\u00f3n de los ecosistemas, consider\u00e1ndose en virtud de que los bosques de Chihuahua, Arizona y Nuevo M\u00e9xico son de suma similitud.<\/p>\n<p class=\"x_gmail-MsoNoSpacing\">\n<p class=\"x_gmail-MsoNoSpacing\">Igualmente, Almeida Grajeda igualmente se\u00f1al\u00f3 que este tipo de realizaciones, como el caso este tradicional encuentro, para beneficio de un gremio forestal debe corresponder a una obligaci\u00f3n de todo gobierno, \u201cpor eso el gobernador nos pide estar en contacto permanente con ustedes, pues la riqueza de este intercambio de experiencias seguramente va a dejar resultados muy favorables para las asociaciones forestales de ambos pa\u00edses\u201d.<\/p>\n<p class=\"x_gmail-MsoNoSpacing\">\n<p class=\"x_gmail-MsoNoSpacing\">Adem\u00e1s del intercambio de experiencias, se prioriz\u00f3 en este encuentro destacar el cumplimiento de la responsabilidad social que tienen los profesionales forestales de ambos pa\u00edses en mantener una cubierta vegetal, y una poblaci\u00f3n forestal que permite a quienes viven en zonas urbanas como rurales, perpetuar un ambiente natural lo m\u00e1s limpio posible.<\/p>\n<p class=\"x_gmail-MsoNoSpacing\">\n<p class=\"x_gmail-MsoNoSpacing\">\u201cEl gobernador Javier Corral Jurado les env\u00eda un fuerte abrazo, les da la m\u00e1s cordial de las bienvenidas a Chihuahua, y les desea que tanto en la parte laboral como de esparcimiento sea una experiencia importante para ustedes, y se lleven de Chihuahua lo m\u00e1s importante, todo nuestro afecto\u201d.<\/p>\n<p class=\"x_gmail-MsoNoSpacing\">\n<p class=\"x_gmail-MsoNoSpacing\">El funcionario estatal fue acompa\u00f1ado en el pres\u00eddium por Ra\u00fal \u00c1ngel L\u00f3pez, presidente de la Asociaci\u00f3n de Profesionales Forestales de M\u00e9xico; Refugio Luna Garc\u00eda, Director de Desarrollo Forestal; Jes\u00fas Villarreal, diputado del H. Congreso del Estado, entre otras autoridades de gobierno y de asociaciones forestales del pa\u00eds.<\/p>\n<p class=\"x_gmail-MsoNoSpacing\">\n<p class=\"x_gmail-MsoNoSpacing\">Posteriormente en Guachochi ser\u00e1n recibidos por Hugo Aguirre Garc\u00eda, presidente municipal, y posteriormente realizar\u00e1n un recorrido para conocer avances de modernizaci\u00f3n de la industria, cultivo al bosque, obras de conservaci\u00f3n y restauraci\u00f3n.<\/p>\n","protected":false},"excerpt":{"rendered":"<p>El Gobierno del Estado de Chihuahua, a trav\u00e9s de la Direcci\u00f3n Forestal de la Secretar\u00eda de Desarrollo Rural, junto con la Asociaci\u00f3n Mexicana de Profesionales Forestales A.C. Secci\u00f3n Chihuahua, llevaron a cabo la \u201cXXV Reuni\u00f3n M\u00e9xico &#8211; Americana de profesionales forestales\u201d. Durante el encuentro, llevado a cabo en el Hotel Sicomoro, se sostuvo un intercambio [&hellip;]<\/p>\n","protected":false},"author":5,"featured_media":65679,"comment_status":"open","ping_status":"open","sticky":false,"template":"","format":"standard","meta":{"footnotes":""},"categories":[7],"tags":[],"class_list":["post-65677","post","type-post","status-publish","format-standard","has-post-thumbnail","hentry","category-estatales"],"views":19,"_links":{"self":[{"href":"https:\/\/notitodo.com.mx\/wp\/wp-json\/wp\/v2\/posts\/65677","targetHints":{"allow":["GET"]}}],"collection":[{"href":"https:\/\/notitodo.com.mx\/wp\/wp-json\/wp\/v2\/posts"}],"about":[{"href":"https:\/\/notitodo.com.mx\/wp\/wp-json\/wp\/v2\/types\/post"}],"author":[{"embeddable":true,"href":"https:\/\/notitodo.com.mx\/wp\/wp-json\/wp\/v2\/users\/5"}],"replies":[{"embeddable":true,"href":"https:\/\/notitodo.com.mx\/wp\/wp-json\/wp\/v2\/comments?post=65677"}],"version-history":[{"count":1,"href":"https:\/\/notitodo.com.mx\/wp\/wp-json\/wp\/v2\/posts\/65677\/revisions"}],"predecessor-version":[{"id":65680,"href":"https:\/\/notitodo.com.mx\/wp\/wp-json\/wp\/v2\/posts\/65677\/revisions\/65680"}],"wp:featuredmedia":[{"embeddable":true,"href":"https:\/\/notitodo.com.mx\/wp\/wp-json\/wp\/v2\/media\/65679"}],"wp:attachment":[{"href":"https:\/\/notitodo.com.mx\/wp\/wp-json\/wp\/v2\/media?parent=65677"}],"wp:term":[{"taxonomy":"category","embeddable":true,"href":"https:\/\/notitodo.com.mx\/wp\/wp-json\/wp\/v2\/categories?post=65677"},{"taxonomy":"post_tag","embeddable":true,"href":"https:\/\/notitodo.com.mx\/wp\/wp-json\/wp\/v2\/tags?post=65677"}],"curies":[{"name":"wp","href":"https:\/\/api.w.org\/{rel}","templated":true}]}}