{"id":65598,"date":"2019-08-08T05:55:50","date_gmt":"2019-08-08T05:55:50","guid":{"rendered":"https:\/\/notitodo.com.mx\/wp\/?p=65598"},"modified":"2019-08-08T05:55:50","modified_gmt":"2019-08-08T05:55:50","slug":"realizaran-expo-agro-internacional-2019-15-y-16-de-agosto-en-ciudad-chihuahua","status":"publish","type":"post","link":"https:\/\/notitodo.com.mx\/wp\/realizaran-expo-agro-internacional-2019-15-y-16-de-agosto-en-ciudad-chihuahua\/","title":{"rendered":"Realizar\u00e1n Expo Agro Internacional 2019 15 y 16 de agosto en Ciudad Chihuahua"},"content":{"rendered":"<p>El Gobierno del Estado de Chihuahua, a trav\u00e9s de la Secretar\u00eda de Desarrollo Rural, la Junta Central de Agua y Saneamiento, en coordinaci\u00f3n con el Comit\u00e9 Estatal Agropecuario, la Uni\u00f3n Ganadera Regional de Chihuahua, y otras importantes organizaciones, llevar\u00e1n a cabo la Expo Agro Internacional 2019 el 15 y 16 de agosto, en el Centro de Convenciones de Ciudad Chihuahua.<!--more--><\/p>\n<p>Este magno evento, que se realiza cada dos a\u00f1os, contar\u00e1 nuevamente con diversos foros informativos con temas de inter\u00e9s, especializados, y dirigidos particularmente al gremio agropecuario, enfocado a priorizar el uso y gobernanza del agua, as\u00ed como un \u00e1rea de comercializaci\u00f3n para productos del campo.<\/p>\n<p>Ren\u00e9 Almeida Grajeda, secretario de Desarrollo Rural, en representaci\u00f3n del gobernador del Estado, Javier Corral Jurado, dijo que Chihuahua es l\u00edder en la producci\u00f3n agr\u00edcola.<\/p>\n<p>\u201cEn el mercado de la leche, y la carne, juega un papel muy importante, por lo que mantener dicha supremac\u00eda estad\u00edstica implica un gran esfuerzo, y se debe, en buena parte, a la realizaci\u00f3n de eventos como la Expo Agro Internacional\u201d, se\u00f1al\u00f3.<\/p>\n<p>Se\u00f1al\u00f3 que el proceso econ\u00f3mico inicia con la producci\u00f3n primaria, en el caso del sector agropecuario, forestal, y acu\u00edcola, seguido de un proceso de transformaci\u00f3n, pero requiere de espacios como la Expo Agro.<\/p>\n<p>Alfonso Lechuga de la Pe\u00f1a, presidente del Comit\u00e9 Estatal Agropecuario, dijo que esta convenci\u00f3n ser\u00e1 \u00f3ptima para generar encuentros que potencien la creaci\u00f3n de agronegocios.<\/p>\n<p>A\u00f1adi\u00f3 que debido a la exhibici\u00f3n comercial que requieren los servicios e insumos del sector agropecuario, en coordinaci\u00f3n con la Uni\u00f3n Ganadera Regional de Chihuahua (UGRCH) se brindar\u00e1n igualmente dos foros de vital importancia, abordando tambi\u00e9n el cuidado del agua.<\/p>\n<p>En cuanto a los contenidos de inter\u00e9s cultural y agroalimentarios que ofrecer\u00e1 la Expo, el alcalde de Madera, Jaime Torres, destac\u00f3 que el Municipio tendr\u00e1 una oportunidad in\u00e9dita para promocionar sus riquezas tur\u00edsticas.<\/p>\n<p>\u201cPodr\u00e1 dar a conocer lo que se produce en el rinc\u00f3n de la Sierra, como es la trucha, carne seca, sotol, artesan\u00edas, miel de abeja, productos innovadores como cremas faciales org\u00e1nicas y naturales\u201d, se\u00f1al\u00f3.<\/p>\n<p>Presidieron tambi\u00e9n la rueda de prensa \u00d3scar Iba\u00f1ez, director ejecutivo de la JCAS; Eduardo Prieto Rodr\u00edguez, presidente de la UGRCH, y Mariana Chew S\u00e1nchez, agente estatal de Financiera Nacional de Desarrollo Agropecuario, Rural, Forestal y Pesquero.<\/p>\n<p>Tambi\u00e9n estuvieron Jos\u00e9 Mario Esparza Hern\u00e1ndez, gerente operativo de Cuenca del R\u00edo Bravo; Antonio Valadez Garc\u00eda, presidente de la C\u00e1mara Nacional de la Industria y la Transformaci\u00f3n, y Juan Fern\u00e1ndez Anchondo, presidente de la Asociaci\u00f3n Chihuahuense de Criadores de Ganado de Registro.<\/p>\n","protected":false},"excerpt":{"rendered":"<p>El Gobierno del Estado de Chihuahua, a trav\u00e9s de la Secretar\u00eda de Desarrollo Rural, la Junta Central de Agua y Saneamiento, en coordinaci\u00f3n con el Comit\u00e9 Estatal Agropecuario, la Uni\u00f3n Ganadera Regional de Chihuahua, y otras importantes organizaciones, llevar\u00e1n a cabo la Expo Agro Internacional 2019 el 15 y 16 de agosto, en el Centro [&hellip;]<\/p>\n","protected":false},"author":5,"featured_media":65600,"comment_status":"open","ping_status":"open","sticky":false,"template":"","format":"standard","meta":{"footnotes":""},"categories":[7],"tags":[],"class_list":["post-65598","post","type-post","status-publish","format-standard","has-post-thumbnail","hentry","category-estatales"],"views":38,"_links":{"self":[{"href":"https:\/\/notitodo.com.mx\/wp\/wp-json\/wp\/v2\/posts\/65598","targetHints":{"allow":["GET"]}}],"collection":[{"href":"https:\/\/notitodo.com.mx\/wp\/wp-json\/wp\/v2\/posts"}],"about":[{"href":"https:\/\/notitodo.com.mx\/wp\/wp-json\/wp\/v2\/types\/post"}],"author":[{"embeddable":true,"href":"https:\/\/notitodo.com.mx\/wp\/wp-json\/wp\/v2\/users\/5"}],"replies":[{"embeddable":true,"href":"https:\/\/notitodo.com.mx\/wp\/wp-json\/wp\/v2\/comments?post=65598"}],"version-history":[{"count":1,"href":"https:\/\/notitodo.com.mx\/wp\/wp-json\/wp\/v2\/posts\/65598\/revisions"}],"predecessor-version":[{"id":65601,"href":"https:\/\/notitodo.com.mx\/wp\/wp-json\/wp\/v2\/posts\/65598\/revisions\/65601"}],"wp:featuredmedia":[{"embeddable":true,"href":"https:\/\/notitodo.com.mx\/wp\/wp-json\/wp\/v2\/media\/65600"}],"wp:attachment":[{"href":"https:\/\/notitodo.com.mx\/wp\/wp-json\/wp\/v2\/media?parent=65598"}],"wp:term":[{"taxonomy":"category","embeddable":true,"href":"https:\/\/notitodo.com.mx\/wp\/wp-json\/wp\/v2\/categories?post=65598"},{"taxonomy":"post_tag","embeddable":true,"href":"https:\/\/notitodo.com.mx\/wp\/wp-json\/wp\/v2\/tags?post=65598"}],"curies":[{"name":"wp","href":"https:\/\/api.w.org\/{rel}","templated":true}]}}