{"id":64545,"date":"2019-07-15T13:42:38","date_gmt":"2019-07-15T13:42:38","guid":{"rendered":"https:\/\/notitodo.com.mx\/wp\/?p=64545"},"modified":"2019-07-15T13:42:38","modified_gmt":"2019-07-15T13:42:38","slug":"trabaja-gobierno-municipal-en-reparacion-de-banqueta-en-primer-cuadro-de-la-ciudad","status":"publish","type":"post","link":"https:\/\/notitodo.com.mx\/wp\/trabaja-gobierno-municipal-en-reparacion-de-banqueta-en-primer-cuadro-de-la-ciudad\/","title":{"rendered":"Trabaja Gobierno Municipal en reparaci\u00f3n de banqueta en primer cuadro de la ciudad"},"content":{"rendered":"<p>El Gobierno Municipal a trav\u00e9s de la Direcci\u00f3n de Mantenimiento Urbano, trabaja para mejorar la banqueta y guarnici\u00f3n del tramo ubicado sobre la calle cuarta, esquina con Ojinaga, en el primer cuadro de la ciudad.<\/p>\n<p>Personal de la Subdirecci\u00f3n de Espacios P\u00fablicos, comenz\u00f3 a trabajar en el lugar antes referido, donde las ra\u00edces de cuatro \u00e1rboles comenzaron a levantar la banqueta, lo que imped\u00eda el buen tr\u00e1nsito de los peatones por el \u00e1rea.<\/p>\n<p>Es por ello, que a petici\u00f3n de la ciudadan\u00eda se retir\u00f3 el cemento de la banqueta da\u00f1ada para elevar el nivel de la misma y volver a colocarla, para<\/p>\n<p><!--more--><\/p>\n<p>de ese modo impedir que las ra\u00edces vuelvan a destruir el corredor.<\/p>\n<p>Es importante se\u00f1alar que ni las ra\u00edces de los \u00e1rboles de m\u00e1s de ocho metros de altura, ni los propios \u00e1rboles fueron da\u00f1ados para mejorar la banqueta y guarniciones.<\/p>\n<p>Con estas acciones el Gobierno Municipal reafirma su compromiso por mantener en buenas condiciones los espacios p\u00fablicos, as\u00ed como las calles de la ciudad de Chihuahua.<\/p>\n","protected":false},"excerpt":{"rendered":"<p>El Gobierno Municipal a trav\u00e9s de la Direcci\u00f3n de Mantenimiento Urbano, trabaja para mejorar la banqueta y guarnici\u00f3n del tramo ubicado sobre la calle cuarta, esquina con Ojinaga, en el primer cuadro de la ciudad. Personal de la Subdirecci\u00f3n de Espacios P\u00fablicos, comenz\u00f3 a trabajar en el lugar antes referido, donde las ra\u00edces de cuatro [&hellip;]<\/p>\n","protected":false},"author":5,"featured_media":64547,"comment_status":"open","ping_status":"open","sticky":false,"template":"","format":"standard","meta":{"footnotes":""},"categories":[9],"tags":[],"class_list":["post-64545","post","type-post","status-publish","format-standard","has-post-thumbnail","hentry","category-locales"],"views":52,"_links":{"self":[{"href":"https:\/\/notitodo.com.mx\/wp\/wp-json\/wp\/v2\/posts\/64545","targetHints":{"allow":["GET"]}}],"collection":[{"href":"https:\/\/notitodo.com.mx\/wp\/wp-json\/wp\/v2\/posts"}],"about":[{"href":"https:\/\/notitodo.com.mx\/wp\/wp-json\/wp\/v2\/types\/post"}],"author":[{"embeddable":true,"href":"https:\/\/notitodo.com.mx\/wp\/wp-json\/wp\/v2\/users\/5"}],"replies":[{"embeddable":true,"href":"https:\/\/notitodo.com.mx\/wp\/wp-json\/wp\/v2\/comments?post=64545"}],"version-history":[{"count":1,"href":"https:\/\/notitodo.com.mx\/wp\/wp-json\/wp\/v2\/posts\/64545\/revisions"}],"predecessor-version":[{"id":64548,"href":"https:\/\/notitodo.com.mx\/wp\/wp-json\/wp\/v2\/posts\/64545\/revisions\/64548"}],"wp:featuredmedia":[{"embeddable":true,"href":"https:\/\/notitodo.com.mx\/wp\/wp-json\/wp\/v2\/media\/64547"}],"wp:attachment":[{"href":"https:\/\/notitodo.com.mx\/wp\/wp-json\/wp\/v2\/media?parent=64545"}],"wp:term":[{"taxonomy":"category","embeddable":true,"href":"https:\/\/notitodo.com.mx\/wp\/wp-json\/wp\/v2\/categories?post=64545"},{"taxonomy":"post_tag","embeddable":true,"href":"https:\/\/notitodo.com.mx\/wp\/wp-json\/wp\/v2\/tags?post=64545"}],"curies":[{"name":"wp","href":"https:\/\/api.w.org\/{rel}","templated":true}]}}