{"id":642,"date":"2016-02-02T23:35:35","date_gmt":"2016-02-02T23:35:35","guid":{"rendered":"http:\/\/notitodo.com.mx\/?p=642"},"modified":"2016-08-04T23:42:48","modified_gmt":"2016-08-04T23:42:48","slug":"acuerdan-senado-y-conago-discutir-al-mando-unico-como-reforma-constitucional","status":"publish","type":"post","link":"https:\/\/notitodo.com.mx\/wp\/acuerdan-senado-y-conago-discutir-al-mando-unico-como-reforma-constitucional\/","title":{"rendered":"Acuerdan Senado y Conago discutir al Mando \u00danico como reforma constitucional"},"content":{"rendered":"<p style=\"text-align: justify;\">El Mando \u00danico en las Polic\u00edas Estatales ser\u00e1 llevado a reforma constitucional para que se pueda instrumentar en todas las entidades<!--more-->, acordaron gobernadores de la Rep\u00fablica y senadores de PRI, PAN, PRD y Partido Verde.<\/p>\n<p style=\"text-align: justify;\">Reunidos en la antigua sede del Senado a iniciativa de la Junta de Coordinaci\u00f3n Pol\u00edtica de la C\u00e1mara Alta, que preside Emilio Gamboa Patr\u00f3n, gobernadores de 16 estados y el Jefe de Gobierno de la Ciudad de M\u00e9xico acordaron discutir la eventual aprobaci\u00f3n del Mando \u00danico.<\/p>\n<p style=\"text-align: justify;\">El presidente de la Conferencia Nacional de Gobernadores (Conago), Eruviel \u00c1vila, se\u00f1al\u00f3 que las distintas iniciativas en la materia se pueden discutir para consolidar esta figura en materia de Seguridad P\u00fablica.<\/p>\n<p style=\"text-align: justify;\">&#8220;Para crear formalmente y elevar a rango constitucional la Polic\u00eda \u00danica Estatal en las 32 entidades federativas del pa\u00eds\u201d, indic\u00f3 el mandatario estatal mexiquense.<\/p>\n<p style=\"text-align: justify;\">El coordinador de los senadores del PRI, Emilio Gamboa Patr\u00f3n, inform\u00f3 que en el Senado a partir de este martes se analizar\u00e1n las distintas iniciativas sobre el Mando \u00danico a fin de poder consolidar un dictamen en la materia.<\/p>\n<p style=\"text-align: justify;\">&#8220;Yo estoy convencido y lo digo de verdad, que los 128 senadores tenemos un com\u00fan denominador y el com\u00fan es la protecci\u00f3n a los ciudadanos en este momento. Escuchamos de verdad posiciones y ejemplos muy claros que nos van a servir sin duda alguna\u201d, refiri\u00f3 el legislador.<\/p>\n<p style=\"text-align: justify;\">A la reuni\u00f3n asistieron, entre otros, el presidente del Senado, Roberto Gil Zuarth, el coordinador de los senadores del PRD, Miguel Barbosa; el jefe de Gobierno Miguel \u00c1ngel Mancera; y los gobernadores de Tlaxcala, Durango, Chihuahua, Tamaulipas, Tabasco, Quer\u00e9taro, Yucat\u00e1n, Guerrero, Chiapas, Morelos, Hidalgo, Colima, Quintana Roo, Zacatecas y el secretario de gobierno de Jalisco.<br \/>\nfuente:prodigy<\/p>\n","protected":false},"excerpt":{"rendered":"<p>El Mando \u00danico en las Polic\u00edas Estatales ser\u00e1 llevado a reforma constitucional para que se pueda instrumentar en todas las entidades<\/p>\n","protected":false},"author":1,"featured_media":643,"comment_status":"open","ping_status":"open","sticky":false,"template":"","format":"standard","meta":{"footnotes":""},"categories":[6],"tags":[],"class_list":["post-642","post","type-post","status-publish","format-standard","has-post-thumbnail","hentry","category-nacionales"],"views":30,"_links":{"self":[{"href":"https:\/\/notitodo.com.mx\/wp\/wp-json\/wp\/v2\/posts\/642","targetHints":{"allow":["GET"]}}],"collection":[{"href":"https:\/\/notitodo.com.mx\/wp\/wp-json\/wp\/v2\/posts"}],"about":[{"href":"https:\/\/notitodo.com.mx\/wp\/wp-json\/wp\/v2\/types\/post"}],"author":[{"embeddable":true,"href":"https:\/\/notitodo.com.mx\/wp\/wp-json\/wp\/v2\/users\/1"}],"replies":[{"embeddable":true,"href":"https:\/\/notitodo.com.mx\/wp\/wp-json\/wp\/v2\/comments?post=642"}],"version-history":[{"count":1,"href":"https:\/\/notitodo.com.mx\/wp\/wp-json\/wp\/v2\/posts\/642\/revisions"}],"predecessor-version":[{"id":644,"href":"https:\/\/notitodo.com.mx\/wp\/wp-json\/wp\/v2\/posts\/642\/revisions\/644"}],"wp:featuredmedia":[{"embeddable":true,"href":"https:\/\/notitodo.com.mx\/wp\/wp-json\/wp\/v2\/media\/643"}],"wp:attachment":[{"href":"https:\/\/notitodo.com.mx\/wp\/wp-json\/wp\/v2\/media?parent=642"}],"wp:term":[{"taxonomy":"category","embeddable":true,"href":"https:\/\/notitodo.com.mx\/wp\/wp-json\/wp\/v2\/categories?post=642"},{"taxonomy":"post_tag","embeddable":true,"href":"https:\/\/notitodo.com.mx\/wp\/wp-json\/wp\/v2\/tags?post=642"}],"curies":[{"name":"wp","href":"https:\/\/api.w.org\/{rel}","templated":true}]}}