{"id":64091,"date":"2019-07-09T18:44:15","date_gmt":"2019-07-09T18:44:15","guid":{"rendered":"https:\/\/notitodo.com.mx\/wp\/?p=64091"},"modified":"2019-07-09T18:44:15","modified_gmt":"2019-07-09T18:44:15","slug":"para-el-combate-a-la-delincuencia-guardia-nacional-necesita-coordinacion-efectiva-con-policias-locales-javier-corral","status":"publish","type":"post","link":"https:\/\/notitodo.com.mx\/wp\/para-el-combate-a-la-delincuencia-guardia-nacional-necesita-coordinacion-efectiva-con-policias-locales-javier-corral\/","title":{"rendered":"Para el combate a la delincuencia, Guardia Nacional necesita  coordinaci\u00f3n efectiva con polic\u00edas locales: Javier Corral"},"content":{"rendered":"<p>Destaca Gobernador de Chihuahua acuerdo del Consejo Nacional de Seguridad P\u00fablica para que se acompa\u00f1e el proceso de fortalecimiento de las corporaciones estatales y municipales; considera que deben incrementarse las aportaciones a los estados en materia de seguridad y terminar con la concentraci\u00f3n excesiva a nivel federal<br \/>\nPor s\u00ed sola, la Guardia Nacional no podr\u00e1 enfrentar el problema delincuencial en el pa\u00eds sin la colaboraci\u00f3n, coordinaci\u00f3n efectiva y la articulaci\u00f3n con las polic\u00edas estatales y municipales, dijo el gobernador de Chihuahua, Javier Corral Jurado.<\/p>\n<p>Entrevistado por Pascal Beltr\u00e1n del R\u00edo en Imagen Informativa, el mandatario se\u00f1al\u00f3 que es una buena decisi\u00f3n crear una instituci\u00f3n que<\/p>\n<p><!--more--><\/p>\n<p>conjunte esfuerzos para que ya no est\u00e9n dispersas las propias fuerzas del Gobierno de la Rep\u00fablica.<\/p>\n<p>Sin embargo, consider\u00f3 que es muy importante el cumplimiento del art\u00edculo 7 transitorio de la ley que cre\u00f3 la Guardia Nacional y que obliga, precisamente, a un programa de diagn\u00f3stico y fortalecimiento de las capacidades de los cuerpos polic\u00edacos, su profesionalizaci\u00f3n, su actualizaci\u00f3n, depuraci\u00f3n y homologaci\u00f3n salarial.<\/p>\n<p>Explic\u00f3 que en ese contexto se produjo un primer acuerdo en el Consejo Nacional de Seguridad P\u00fablica en el que particip\u00f3 este lunes 8 en la Ciudad de M\u00e9xico, para instruir al Secretariado Ejecutivo del Sistema a acompa\u00f1ar el proceso de fortalecimiento de las polic\u00edas locales.<\/p>\n<p>\u201cY esto es muy importante tambi\u00e9n porque necesitamos hacer las cuentas bien de cu\u00e1ntos elementos polic\u00edacos realmente existen en el pa\u00eds, cu\u00e1ntos son los polic\u00edas municipales, los estatales y realmente cu\u00e1ntos miembros llevar\u00e1n de la Guardia Nacional a cada una de las entidades\u201d, expres\u00f3.<\/p>\n<p>Destac\u00f3 que la visi\u00f3n m\u00e1s trascendente es que realmente haya un incremento en las aportaciones para la seguridad p\u00fablica en el pa\u00eds, porque han venido decreciendo las asignaciones en este rubro.<\/p>\n<p>\u201cSe han concentrado mucho los recursos hacia las fuerzas armadas, ahora mismo, hacia la Guardia Nacional. Tiene que haber tambi\u00e9n una redistribuci\u00f3n del ingreso en el pa\u00eds hacia el fortalecimiento de las capacidades de las polic\u00edas y esto se lograr\u00e1 si se restituyen fondos como el de prevenci\u00f3n, si se incrementa el Fortamun, que es el Fondo de Fortalecimiento Municipal\u201d, detall\u00f3.<\/p>\n<p>El titular del Ejecutivo se\u00f1al\u00f3 que adem\u00e1s el Consejo Nacional de Seguridad acord\u00f3 ayer exhortar a que de estos recursos de Fortamun, por lo menos el 50 por ciento de ellos se destinen a fortalecer las capacidades policiacas.<\/p>\n<p>\u201cEsta es la parte que tiene que ver con la pol\u00edtica de contenci\u00f3n, pero la m\u00e1s importante tiene que ser incrementar los presupuestos en materia de prevenci\u00f3n, de combate de las adicciones, de fortalecimiento familiar y reorientar debidamente los programas sociales hacia sectores y comunidades en donde la incidencia delictiva es mayor y se conjuga con niveles de pobreza extrema\u201d, explic\u00f3 Javier Corral.<\/p>\n<p>Dijo que ah\u00ed est\u00e1 el caldo de cultivo m\u00e1s importante de la inseguridad o de la delincuencia y todo ello debe tener un seguimiento.<\/p>\n<p>\u201cYo creo \u2013indic\u00f3\u2013 que la Guardia Nacional per s\u00e9 va a permitir una mejor coordinaci\u00f3n, una mejor visibilizaci\u00f3n de los esfuerzos conjuntos, o no y ese es el reto\u201d.<\/p>\n<p>Consider\u00f3 que aunque hay problemas que se tienen que resolver particularmente por parte del Gobierno de la Rep\u00fablica en torno a la Guardia Nacional \u201cyo creo que tenemos que apostarle al \u00e9xito, por supuesto\u201d.<\/p>\n","protected":false},"excerpt":{"rendered":"<p>Destaca Gobernador de Chihuahua acuerdo del Consejo Nacional de Seguridad P\u00fablica para que se acompa\u00f1e el proceso de fortalecimiento de las corporaciones estatales y municipales; considera que deben incrementarse las aportaciones a los estados en materia de seguridad y terminar con la concentraci\u00f3n excesiva a nivel federal Por s\u00ed sola, la Guardia Nacional no podr\u00e1 [&hellip;]<\/p>\n","protected":false},"author":5,"featured_media":64093,"comment_status":"open","ping_status":"open","sticky":false,"template":"","format":"standard","meta":{"footnotes":""},"categories":[15],"tags":[],"class_list":["post-64091","post","type-post","status-publish","format-standard","has-post-thumbnail","hentry","category-educacion"],"views":32,"_links":{"self":[{"href":"https:\/\/notitodo.com.mx\/wp\/wp-json\/wp\/v2\/posts\/64091","targetHints":{"allow":["GET"]}}],"collection":[{"href":"https:\/\/notitodo.com.mx\/wp\/wp-json\/wp\/v2\/posts"}],"about":[{"href":"https:\/\/notitodo.com.mx\/wp\/wp-json\/wp\/v2\/types\/post"}],"author":[{"embeddable":true,"href":"https:\/\/notitodo.com.mx\/wp\/wp-json\/wp\/v2\/users\/5"}],"replies":[{"embeddable":true,"href":"https:\/\/notitodo.com.mx\/wp\/wp-json\/wp\/v2\/comments?post=64091"}],"version-history":[{"count":1,"href":"https:\/\/notitodo.com.mx\/wp\/wp-json\/wp\/v2\/posts\/64091\/revisions"}],"predecessor-version":[{"id":64094,"href":"https:\/\/notitodo.com.mx\/wp\/wp-json\/wp\/v2\/posts\/64091\/revisions\/64094"}],"wp:featuredmedia":[{"embeddable":true,"href":"https:\/\/notitodo.com.mx\/wp\/wp-json\/wp\/v2\/media\/64093"}],"wp:attachment":[{"href":"https:\/\/notitodo.com.mx\/wp\/wp-json\/wp\/v2\/media?parent=64091"}],"wp:term":[{"taxonomy":"category","embeddable":true,"href":"https:\/\/notitodo.com.mx\/wp\/wp-json\/wp\/v2\/categories?post=64091"},{"taxonomy":"post_tag","embeddable":true,"href":"https:\/\/notitodo.com.mx\/wp\/wp-json\/wp\/v2\/tags?post=64091"}],"curies":[{"name":"wp","href":"https:\/\/api.w.org\/{rel}","templated":true}]}}