{"id":63984,"date":"2019-07-09T02:07:40","date_gmt":"2019-07-09T02:07:40","guid":{"rendered":"https:\/\/notitodo.com.mx\/wp\/?p=63984"},"modified":"2019-07-09T02:07:40","modified_gmt":"2019-07-09T02:07:40","slug":"entrega-desarrollo-social-112-aparatos-funcionales-a-personas-con-discapacidad-de-urique-y-bocoyna","status":"publish","type":"post","link":"https:\/\/notitodo.com.mx\/wp\/entrega-desarrollo-social-112-aparatos-funcionales-a-personas-con-discapacidad-de-urique-y-bocoyna\/","title":{"rendered":"Entrega Desarrollo Social 112 aparatos funcionales a personas con discapacidad de Urique y Bocoyna"},"content":{"rendered":"<p>La Secretar\u00eda de Desarrollo Social entreg\u00f3 112 aparatos funcionales a igual n\u00famero de personas con alguna discapacidad y en situaci\u00f3n vulnerable, de los municipios de Urique y Bocoyna, con el objetivo de facilitarles la movilidad y mejorar su calidad de vida.<\/p>\n<p>Con una inversi\u00f3n total de 237 mil 975 pesos, a trav\u00e9s de la Direcci\u00f3n de Grupos Vulnerables y Prevenci\u00f3n a la Discriminaci\u00f3n, en Urique la entrega incluy\u00f3 30 aparatos auditivos, 37 bastones de un punto, 13 sillas de ruedas, 11 bastones para invidente, tres andadores con asiento, dos muletas y un<\/p>\n<p><!--more--><\/p>\n<p>bast\u00f3n de cuatro puntos; y en el municipio de Bocoyna se otorgaron 10 aparatos auditivos, tres sillas de ruedas regulares, un andador con asiento y un bast\u00f3n de cuatro puntos.<\/p>\n<p>La gesti\u00f3n de aparatos funcionales fue canalizada por ambos ayuntamientos, mismos que se encargaron de agilizar el proceso de ubicaci\u00f3n de las personas que ser\u00edan beneficiarias, en las distintas localidades de la zona serrana.<\/p>\n<p>La dependencia estatal precis\u00f3 que en el caso de Urique, esta no es la \u00fanica entrega en favor de quienes tienen distintas discapacidades, ya que previamente, integrantes de la Direcci\u00f3n de Grupos vulnerables hab\u00edan hecho entrega de este tipo de apoyos, a 75 personas.<\/p>\n","protected":false},"excerpt":{"rendered":"<p>La Secretar\u00eda de Desarrollo Social entreg\u00f3 112 aparatos funcionales a igual n\u00famero de personas con alguna discapacidad y en situaci\u00f3n vulnerable, de los municipios de Urique y Bocoyna, con el objetivo de facilitarles la movilidad y mejorar su calidad de vida. Con una inversi\u00f3n total de 237 mil 975 pesos, a trav\u00e9s de la Direcci\u00f3n [&hellip;]<\/p>\n","protected":false},"author":5,"featured_media":63986,"comment_status":"open","ping_status":"open","sticky":false,"template":"","format":"standard","meta":{"footnotes":""},"categories":[7],"tags":[],"class_list":["post-63984","post","type-post","status-publish","format-standard","has-post-thumbnail","hentry","category-estatales"],"views":25,"_links":{"self":[{"href":"https:\/\/notitodo.com.mx\/wp\/wp-json\/wp\/v2\/posts\/63984","targetHints":{"allow":["GET"]}}],"collection":[{"href":"https:\/\/notitodo.com.mx\/wp\/wp-json\/wp\/v2\/posts"}],"about":[{"href":"https:\/\/notitodo.com.mx\/wp\/wp-json\/wp\/v2\/types\/post"}],"author":[{"embeddable":true,"href":"https:\/\/notitodo.com.mx\/wp\/wp-json\/wp\/v2\/users\/5"}],"replies":[{"embeddable":true,"href":"https:\/\/notitodo.com.mx\/wp\/wp-json\/wp\/v2\/comments?post=63984"}],"version-history":[{"count":1,"href":"https:\/\/notitodo.com.mx\/wp\/wp-json\/wp\/v2\/posts\/63984\/revisions"}],"predecessor-version":[{"id":63987,"href":"https:\/\/notitodo.com.mx\/wp\/wp-json\/wp\/v2\/posts\/63984\/revisions\/63987"}],"wp:featuredmedia":[{"embeddable":true,"href":"https:\/\/notitodo.com.mx\/wp\/wp-json\/wp\/v2\/media\/63986"}],"wp:attachment":[{"href":"https:\/\/notitodo.com.mx\/wp\/wp-json\/wp\/v2\/media?parent=63984"}],"wp:term":[{"taxonomy":"category","embeddable":true,"href":"https:\/\/notitodo.com.mx\/wp\/wp-json\/wp\/v2\/categories?post=63984"},{"taxonomy":"post_tag","embeddable":true,"href":"https:\/\/notitodo.com.mx\/wp\/wp-json\/wp\/v2\/tags?post=63984"}],"curies":[{"name":"wp","href":"https:\/\/api.w.org\/{rel}","templated":true}]}}